{"id":838,"date":"2024-11-02T20:31:06","date_gmt":"2024-11-02T20:31:06","guid":{"rendered":"https:\/\/www.ziniulaisve.lt\/index.php\/2024\/11\/02\/kur-jie-yra-potvyniu-nukenteje-ispanijos-miestai-troksta-lyderystes-pasaulio-naujienos\/"},"modified":"2024-11-02T20:31:06","modified_gmt":"2024-11-02T20:31:06","slug":"kur-jie-yra-potvyniu-nukenteje-ispanijos-miestai-troksta-lyderystes-pasaulio-naujienos","status":"publish","type":"post","link":"https:\/\/www.ziniulaisve.lt\/index.php\/2024\/11\/02\/kur-jie-yra-potvyniu-nukenteje-ispanijos-miestai-troksta-lyderystes-pasaulio-naujienos\/","title":{"rendered":"\u201eKur jie yra?\u201c: Potvyni\u0173 nukent\u0117j\u0119 Ispanijos miestai trok\u0161ta lyderyst\u0117s | Pasaulio naujienos"},"content":{"rendered":"<p> <br \/>\n<\/p>\n<div data-component-name=\"ui-article-body\" data-highlight-intro=\"true\">\n<p>Jau kelias dienas Paiportos gyventojai tvark\u0117si su savo miestelio niokojimais. Ta\u010diau dabar juos skaudina jausmas, kad juos pamir\u0161o j\u0173 \u0161alis.<\/p>\n<p>Eidami per \u0161\u012f miestel\u012f matome nenumaldom\u0105 sunk\u0173 darb\u0105 \u2013 purvo valym\u0105, vandens i\u0161siurbim\u0105, automobili\u0173 atgavim\u0105.<\/p>\n<p>Ta\u010diau to nedaro uniformuoti \u017emon\u0117s. Paiport\u0105 gelbsti ir patys gyventojai, ir draugai, ir savanoriai.<\/p>\n<p>\u201eMieste jau\u010diasi chaosas\u201c, \u2013 sako Cristina Hernandez, prie\u0161 metus \u010dia persik\u0117lusi i\u0161 Madrido<\/p>\n<p>\u201eNiekas nieko neorganizavo, tod\u0117l darome visk\u0105, k\u0105 galime. Jau\u010diam\u0117s vald\u017eios apleisti, o nakt\u012f taip pat daug vagi\u0173, tod\u0117l bijome.<\/p>\n<p>\u201eTai ko\u0161maras ne tik d\u0117l potvyni\u0173, bet ir d\u0117l anarchijos, kuri\u0105 dabar i\u0161gyvename. Po katastrofos baisiausia, kad vis dar bijome.<\/p>\n<p><strong>Paskutiniai potvyniai Ispanijoje: karalius Charlesas \u201evisi\u0161kai sudau\u017eytas\u201c<\/strong><\/p>\n<p>\u201eNeturime nei maisto, nei drabu\u017ei\u0173. Kai kurie m\u016bs\u0173 draugai vis dar ding\u0119, o kai kurie prarado namus su visais daiktais.<\/p>\n<p>\u201eTaigi gana li\u016bdna, kad matome pro \u0161al\u012f va\u017eiuojan\u010dius sunkve\u017eimius, bet niekas nepadeda su purvu ir nevalo nam\u0173, tod\u0117l esame vieni\u201c.<\/p>\n<p>Lyg u\u017euomina matome vir\u0161 m\u016bs\u0173 skrendant\u012f sraigtasparn\u012f, bet jis prava\u017eiuoja pro \u0161al\u012f. Ji papurto galv\u0105.<\/p>\n<div class=\"sdc-article-widget sdc-article-image\">\n<figure class=\"sdc-article-image__figure\">\n<div class=\"sdc-article-image__wrapper\" data-aspect-ratio=\"16\/9\">\n          \n    <\/div><figcaption class=\"ui-media-caption\">\n        <span class=\"u-hide-visually\">Vaizdas:<\/span><br \/>\n        <span class=\"ui-media-caption__caption-text\">Savanoriai ir gyventojai valo purv\u0105 keturias dienas po to, kai staig\u016bs potvyniai Paiportoje nu\u0161lav\u0117 visk\u0105, kas buvo j\u0173 kelyje. Nuotrauka: AP \/ Angelas Garcia<br \/>\n        <\/span><br \/>\n      <\/figcaption><\/figure>\n<\/div>\n<p>\u201eMes juos matome, bet ne\u017einome, k\u0105 jie daro\u201c, \u2013 sako ji. \u0160iuo metu tai \u017eiaurus vaizdas \u2013 viliojanti pagalbos, kuri ateina ir i\u0161eina, vizija.<\/p>\n<p>Aplink mus niokojimo gobelenas \u2013 de\u0161imtys ir de\u0161imtys sudau\u017eyt\u0173 automobili\u0173, daugelis j\u0173 guli stovin\u010dio vandens e\u017eere. Kruop\u0161tus purvas dengia \u0161iuk\u0161li\u0173 kr\u016bvas. Kelyje yra vaiki\u0161ka k\u0117dut\u0117, batas ir ma\u017ea pinigin\u0117. Susiv\u0117l\u0119 laidai guli kaip tinklas.<\/p>\n<div class=\"sdc-article-widget sdc-article-image\">\n<figure class=\"sdc-article-image__figure\">\n<div class=\"sdc-article-image__wrapper\" data-aspect-ratio=\"16\/9\">\n          <img decoding=\"async\" class=\"sdc-article-image__item\" loading=\"lazy\" intrinsicsize=\"768x432\" src=\"https:\/\/e3.365dm.com\/24\/11\/768x432\/skynews-paiporta-valencia-spain_6736267.jpg?20241102143114\" srcset=\"https:\/\/e3.365dm.com\/24\/11\/384x216\/skynews-paiporta-valencia-spain_6736267.jpg?20241102143114 380w, https:\/\/e3.365dm.com\/24\/11\/768x432\/skynews-paiporta-valencia-spain_6736267.jpg?20241102143114 760w, https:\/\/e3.365dm.com\/24\/11\/1600x900\/skynews-paiporta-valencia-spain_6736267.jpg?20241102143114 1024w, https:\/\/e3.365dm.com\/24\/11\/2048x1152\/skynews-paiporta-valencia-spain_6736267.jpg?20241102143114 2048w\" sizes=\"(min-width: 1024px) 1024px, 100vw\" alt=\"2024 m. lapkri\u010dio 2 d., \u0161e\u0161tadien\u012f, Paiportoje, Valensijos pakra\u0161tyje, Ispanijoje, po pra\u0117jus\u012f antradien\u012f ir ankstyv\u0105 tre\u010diadien\u012f kilusios audros, d\u0117l kurios regione \u017euvo \u0161imtai arba dingo be \u017einios, purvas dengia vietov\u0119. (AP nuotrauka \/ Angel Garcia)\"\/>\n    <\/div><figcaption class=\"ui-media-caption\">\n        <span class=\"u-hide-visually\">Vaizdas:<\/span><br \/>\n        <span class=\"ui-media-caption__caption-text\">AP \/ Angelas Garcia<br \/>\n        <\/span><br \/>\n      <\/figcaption><\/figure>\n<\/div>\n<p>Pakeliui kiekvienas namas yra paveiktas, apta\u0161kytas purvu. Galite pamatyti tamsi\u0105 vaterlinij\u0105, kur vanduo pasiek\u0117 auk\u0161\u010diausi\u0105 ta\u0161k\u0105.<\/p>\n<p>R\u016bta karts nuo karto \u0161luoja vanden\u012f gatve, stumdama j\u012f link atviro \u0161ulinio dang\u010dio. Ji sekund\u0119 ilsisi, tada v\u0117l pradeda.<\/p>\n<p>Ji daro pertrauk\u0105 ir man sako, kad nemat\u0117 nei policininko, nei kareivio, nei gydytojo, nei kito pareig\u016bno. \u201eTik mes valome\u201c, \u2013 sako ji. \u2013 Kur jie?<\/p>\n<p><strong>Skaityti daugiau:<\/strong><br \/><strong>Ispanij\u0105 kre\u010dia mirtini staig\u016bs potvyniai<br \/>\u201eVisi\u0161kai atsitiktin\u0117 \u017eala\u201c mieste, kur \u017euvo 40 \u017emoni\u0173<br \/>Potvyniai u\u017eklupo \u201ekaip cunamis\u201c \u2013 liudytojas<\/strong><\/p>\n<div class=\"sdc-article-widget sdc-site-video callfn\" data-account-id=\"6058004172001\" data-amp-iframe-embed=\"\" data-asset-id=\"a3362531-a927-4165-b943-75638b2e08bb\" data-asset-path=\"\" data-asset-version=\"\" data-autoplay=\"false\" data-auth-config=\"\" data-caption=\"Aerial footage captures aftermath of floods\" data-clip-type=\"\" data-component-name=\"sdc-site-video\" data-competition=\"\" data-copy-url-text=\"URL copied to clipboard\" data-fn=\"sdc-site-video\" data-id=\"id_a3362531-a927-4165-b943-75638b2e08bb\" data-is-live-stream=\"false\" data-lite=\"true\" data-options=\"\" data-originator-id=\"51\" data-originator-handle=\"brightcove-news-gb\" data-package-name=\"\" data-provider=\"brightcove\" data-player-id=\"RC9PQUaJ6\" data-playsinline=\"\" data-sensitive=\"false\" data-sdc-id=\"6736169\" data-sdc-video-id=\"a3362531-a927-4165-b943-75638b2e08bb\" data-sport-category=\"\" data-state=\"loading\" data-token-state=\"none\" data-video-ad-unit=\"\" data-video-blacklisted-originator-ids=\"\" data-video-id=\"ref:a3362531-a927-4165-b943-75638b2e08bb\" data-video-type=\"\" data-auto-pause-on-not-visible=\"true\" tabindex=\"-1\" data-closed-captions-position=\"middle-third\" data-show-closed-captions=\"true\" data-show-pip=\"true\" data-show-live-stream-scrubber=\"true\">\n<div class=\"sdc-site-video__inner\">\n<div class=\"sdc-site-video__content\" data-role=\"bridge-controller\" style=\"padding-bottom: calc(100% \/ ());\">\n<p class=\"sdc-site-video__accessibility-message\" data-role=\"accessibility-message\">Jei norite lengviau pasiekti vaizdo \u012fra\u0161\u0173 grotuv\u0105, naudokite nar\u0161ykl\u0119 \u201eChrome\u201c.<\/p>\n<p>              <span aria-hidden=\"true\" data-role=\"poster\" class=\"sdc-site-video__poster\"><br \/>\n                <img decoding=\"async\" loading=\"lazy\" src=\"https:\/\/e3.365dm.com\/24\/11\/768x432\/skynews-spain-valencia-floods_6736171.jpg?20241102132446\" alt=\"I\u0161 oro u\u017efiksuotos niokojan\u010dios mirtin\u0173 potvyni\u0173 pasekm\u0117s\" srcset=\"\" aria-hidden=\"true\" class=\"sdc-site-video__poster-img\"\/><br \/>\n              <span class=\"sdc-site-video__loader\"\/><br \/>\n                <span class=\"sdc-site-video__time\">0:42<\/span><br \/>\n              <\/span><\/p>\n<p>              <video id=\"id_a3362531-a927-4165-b943-75638b2e08bb\" data-embed=\"default\" data-application-id=\"\" class=\"video-js sdc-site-video__tag\" controls=\"\" playsinline=\"\"\/>\n            <\/div><figcaption class=\"sdc-site-video__caption ui-media-caption\">\n<p>              <span class=\"ui-media-caption__caption-text\" data-role=\"caption-text\">I\u0161 oro u\u017efiksuoti potvyni\u0173 padariniai<\/span><br \/>\n            <\/figcaption><\/div>\n<\/p><\/div>\n<p>Pradedu jos klausin\u0117ti, ar ji nepyksta ant vald\u017eios, ir ji pertraukia. Jos pyktis ap\u010diuopiamas. \u201ePyksta? A\u0161 taip, taip pykstu ant vald\u017eios.<\/p>\n<p>\u201eMan nesvarbu, kuri\u0105 politin\u0119 partij\u0105 palaikote, nes mano v\u0117liava yra <strong>Ispanija<\/strong>. O tai taip blogai\u201c.<\/p>\n<p>Ji nuklysta, tada gr\u012f\u017eta ir \u0161velniai sugriebia mano rank\u0105. \u201eAteik \u010dia\u201c, \u2013 sako ji. \u201ePasaulis tur\u0117t\u0173 tai pamatyti\u201c.<\/p>\n<p>U\u017esukame u\u017e kampo ir patenkame \u012f gatv\u0119, kurioje pilna automobili\u0173 siena, sumai\u0161yta su did\u017eiul\u0117mis \u0161iuk\u0161li\u0173 kr\u016bvomis.<\/p>\n<p>\u0160aldytuvas \u0161aldiklis, mikrobang\u0173 krosnel\u0117. R\u016bta u\u017elipa ant sudu\u017eusio variklio dang\u010dio ir tempia mane \u0161alia sav\u0119s. \u201eNiekas negali pasiekti \u0161i\u0173 nam\u0173; niekas ne\u017ei\u016br\u0117jo \u012f \u0161iuos automobilius\u201c, &#8211; sako ji. &#8222;Jie pamir\u0161o&#8221;.<\/p>\n<div class=\"sdc-article-widget sdc-article-image\">\n<figure class=\"sdc-article-image__figure\">\n<div class=\"sdc-article-image__wrapper\" data-aspect-ratio=\"16\/9\">\n          <img decoding=\"async\" class=\"sdc-article-image__item\" loading=\"lazy\" intrinsicsize=\"768x432\" src=\"https:\/\/e3.365dm.com\/24\/11\/768x432\/skynews-paiporta-valencia-spain_6736258.jpg?20241102143008\" srcset=\"https:\/\/e3.365dm.com\/24\/11\/384x216\/skynews-paiporta-valencia-spain_6736258.jpg?20241102143008 380w, https:\/\/e3.365dm.com\/24\/11\/768x432\/skynews-paiporta-valencia-spain_6736258.jpg?20241102143008 760w, https:\/\/e3.365dm.com\/24\/11\/1600x900\/skynews-paiporta-valencia-spain_6736258.jpg?20241102143008 1024w, https:\/\/e3.365dm.com\/24\/11\/2048x1152\/skynews-paiporta-valencia-spain_6736258.jpg?20241102143008 2048w\" sizes=\"(min-width: 1024px) 1024px, 100vw\" alt=\"Vyras kalbasi su Guardia Civil pareig\u016bnu 2024 m. lapkri\u010dio 1 d. Paiportoje, Valensijoje, Valensijoje (Ispanija). \u0160e\u0161tasis DANA praplaukimo per Valensijos provincij\u0105 auk\u0173 skai\u010dius sudaro 202 \u017euvusius. Nuo v\u0117lyvo antradienio buvo suaktyvinta Daugialypi\u0173 auk\u0173 proced\u016bra, kuri atlieka balansus, pateiktus per informacij\u0105, gaut\u0105 i\u0161 \u012fvairi\u0173 saugumo ir pagalbos tarnyb\u0173 bei paj\u0117g\u0173. Be to, materialin\u0117 \u017eala yra nesuskai\u010diuojama \u2013 nukirsti keliai ir teritorijos, izoliuotos nuo vandens, purvo ir nuo\u0161liau\u017e\u0173. Ma\u017edaug 23 000 \u017emoni\u0173 Valensijos provincijoje vis dar yra be elektros energijos tiekimo d\u0117l DANA audros, po to, kai nuo tre\u010diadienio atgavo daugiau nei 132 000 nukent\u0117jusi\u0173j\u0173, o 85 procentai i\u0161 prad\u017ei\u0173 buvo pa\u017eeisti. \u0160i DANA yra pati tragi\u0161kiausia atmosferos katastrofa, u\u017eregistruota Ispanijoje per daugiau nei pus\u0119 am\u017eiaus. 2024 m. LAPKRI\u010cIO 1 D. Rober Solsona \/ Europa Press 2024-01-11 (Europa Press per AP)\"\/>\n    <\/div><figcaption class=\"ui-media-caption\">\n        <span class=\"u-hide-visually\">Vaizdas:<\/span><br \/>\n        <span class=\"ui-media-caption__caption-text\">Vyras kalbasi su Guardia Civil pareig\u016bnu Paiportoje. Nuotrauka: AP \/ Angelas Garcia<br \/>\n        <\/span><br \/>\n      <\/figcaption><\/figure>\n<\/div>\n<p>Netiesa sakyti, kad \u012f Paiport\u0105 pareig\u016bnai neatvyko. Matome vietos policij\u0105, civilin\u0119 gvardij\u0105, greit\u0105j\u0105 pagalb\u0105 ir ugniagesius. I\u0161vykdami net matome atva\u017eiuojant\u012f karin\u012f sunkve\u017eim\u012f.<\/p>\n<p>Bet atrodo, kad niekas to nekoordinuoja. Vienu metu ma\u010diau, kaip policininkas band\u0117 perimti transporto priemon\u0117s i\u0161traukimo kontrol\u0119, bet niekas jo neklaus\u0117. Jis trumpai susipyko su kolega, o tada jie abu i\u0161va\u017eiavo.<\/p>\n<p>Kalbant apie kariuomen\u0119, pakalb\u0117jau su vienu i\u0161 pareig\u016bn\u0173, kai jie stov\u0117jo prie kelio ir lauk\u0117, kol pajud\u0117s sunkve\u017eimis, kad gal\u0117t\u0173 \u012fva\u017eiuoti.<\/p>\n<p>Kareivis buvo akivaizd\u017eiai nusivyl\u0119s. \u201eNorime pad\u0117ti, \u017einome, kad galime pad\u0117ti, bet kol kas neturime \u012fsakym\u0173, k\u0105 turime daryti\u201c, \u2013 sak\u0117 jis.<\/p>\n<p>\u2013 Vadinasi, jums reikia vir\u0161ininko \u2013 \u017emogaus, kuris perimt\u0173 kontrol\u0119? paklausiau. \u012e klausim\u0105 atsakyta giliu, ilgu linktel\u0117jimu.<\/p>\n<p>Paiporta smarkiai nukent\u0117jo nuo \u0161i\u0173 potvyni\u0173. Ma\u017eiausiai 60 \u017emoni\u0173 \u017euvo \u2013 \u0161is skai\u010dius sukr\u0117t\u0117 Cristin\u0105, kai apie tai pasakiau. \u017dinoma, jie neturi prieigos prie interneto ir negali palikti savo miesto. \u201eBus daugiau\u201c, \u2013 toks buvo jos atsakymas.<\/p>\n<p>Ta\u010diau t\u0105 skausm\u0105 dar labiau pablogina laikas, kuriam reikia pagalbos. Pra\u0117jusiais metais su kolegomis nuvykome \u012f pasibais\u0117tin\u0105 \u017eem\u0117s dreb\u0117jim\u0105 Maroke, ir per dvi dienas buvo gerai apr\u016bpintos Ispanijos reagavimo komandos, kurios pad\u0117jo, gelb\u0117jo gyvybes ir vadovavo atsakui.<\/p>\n<p>Ir vis d\u0117lto dabar, j\u0173 \u0161alyje, reaguojama vangiai ir nery\u017etingai.<\/p>\n<p>Pranc\u016bz\u0173 pasi\u016blymas atsi\u0173sti pagalb\u0105 buvo atmestas. Mums sakoma, kad mobilizuojama daugyb\u0117 kari\u0173, bet mes j\u0173 beveik nemat\u0117me, o tie, kuriuos sutikome, ne\u017eino, k\u0105 jie tur\u0117t\u0173 daryti.<\/p>\n<p>\u0160ie miestai labai trok\u0161ta lyderyst\u0117s, u\u017etikrinimo, pagalbos ir tikrumo. Vietoj to, \u0161iuo metu jie ginasi patys.<\/p>\n<\/p><\/div>\n<p><br \/>\n<br \/><a href=\"https:\/\/news.sky.com\/story\/where-are-they-flood-hit-spanish-towns-desperate-for-leadership-13246652\">Source link <\/a><\/p>\n","protected":false},"excerpt":{"rendered":"<p>Jau kelias dienas Paiportos gyventojai tvark\u0117si su savo miestelio niokojimais. Ta\u010diau dabar juos skaudina jausmas, kad juos pamir\u0161o j\u0173 \u0161alis. Eidami per \u0161\u012f miestel\u012f matome nenumaldom\u0105 sunk\u0173 darb\u0105 \u2013 purvo valym\u0105, vandens i\u0161siurbim\u0105, automobili\u0173 atgavim\u0105. Ta\u010diau to nedaro uniformuoti \u017emon\u0117s. Paiport\u0105 gelbsti ir patys gyventojai, ir draugai, ir savanoriai. \u201eMieste jau\u010diasi chaosas\u201c, \u2013 sako Cristina [&hellip;]<\/p>\n","protected":false},"author":1,"featured_media":839,"comment_status":"","ping_status":"","sticky":false,"template":"","format":"standard","meta":{"om_disable_all_campaigns":false,"_monsterinsights_skip_tracking":false,"_monsterinsights_sitenote_active":false,"_monsterinsights_sitenote_note":"","_monsterinsights_sitenote_category":0,"footnotes":""},"categories":[3],"tags":[83,1122,1276,1683,1717,31,1716,30,1715,1718,275],"class_list":["post-838","post","type-post","status-publish","format-standard","has-post-thumbnail","hentry","category-pasaulio-zinios","tag-ispanijos","tag-jie","tag-kur","tag-lyderystes","tag-miestai","tag-naujienos","tag-nukenteje","tag-pasaulio","tag-potvyniu","tag-troksta","tag-yra"],"aioseo_notices":[],"_links":{"self":[{"href":"https:\/\/www.ziniulaisve.lt\/index.php\/wp-json\/wp\/v2\/posts\/838","targetHints":{"allow":["GET"]}}],"collection":[{"href":"https:\/\/www.ziniulaisve.lt\/index.php\/wp-json\/wp\/v2\/posts"}],"about":[{"href":"https:\/\/www.ziniulaisve.lt\/index.php\/wp-json\/wp\/v2\/types\/post"}],"author":[{"embeddable":true,"href":"https:\/\/www.ziniulaisve.lt\/index.php\/wp-json\/wp\/v2\/users\/1"}],"replies":[{"embeddable":true,"href":"https:\/\/www.ziniulaisve.lt\/index.php\/wp-json\/wp\/v2\/comments?post=838"}],"version-history":[{"count":0,"href":"https:\/\/www.ziniulaisve.lt\/index.php\/wp-json\/wp\/v2\/posts\/838\/revisions"}],"wp:featuredmedia":[{"embeddable":true,"href":"https:\/\/www.ziniulaisve.lt\/index.php\/wp-json\/wp\/v2\/media\/839"}],"wp:attachment":[{"href":"https:\/\/www.ziniulaisve.lt\/index.php\/wp-json\/wp\/v2\/media?parent=838"}],"wp:term":[{"taxonomy":"category","embeddable":true,"href":"https:\/\/www.ziniulaisve.lt\/index.php\/wp-json\/wp\/v2\/categories?post=838"},{"taxonomy":"post_tag","embeddable":true,"href":"https:\/\/www.ziniulaisve.lt\/index.php\/wp-json\/wp\/v2\/tags?post=838"}],"curies":[{"name":"wp","href":"https:\/\/api.w.org\/{rel}","templated":true}]}}