{"id":656,"date":"2024-10-16T20:03:52","date_gmt":"2024-10-16T20:03:52","guid":{"rendered":"https:\/\/www.ziniulaisve.lt\/index.php\/2024\/10\/16\/naujasis-anglijos-treneris-thomas-tuchelis-sako-kad-prades-mokytis-himno-jk-naujienos\/"},"modified":"2024-10-16T20:03:52","modified_gmt":"2024-10-16T20:03:52","slug":"naujasis-anglijos-treneris-thomas-tuchelis-sako-kad-prades-mokytis-himno-jk-naujienos","status":"publish","type":"post","link":"https:\/\/www.ziniulaisve.lt\/index.php\/2024\/10\/16\/naujasis-anglijos-treneris-thomas-tuchelis-sako-kad-prades-mokytis-himno-jk-naujienos\/","title":{"rendered":"Naujasis Anglijos treneris Thomas Tuchelis sako, kad \u201eprad\u0117s mokytis\u201c himno | JK naujienos"},"content":{"rendered":"<p> <br \/>\n<\/p>\n<div data-component-name=\"ui-article-body\" data-highlight-intro=\"true\">\n<p>Thomas Tuchelis sak\u0117 \u201eSky News\u201c, kad \u201eprad\u0117s mokytis\u201c nacionalinio himno po klausim\u0173, ar dainuos j\u012f prie\u0161 Anglijos rungtynes.<\/p>\n<p>The <strong>51 met\u0173 vokietis<\/strong>kuris buvo oficialiai pristatytas kaip naujasis \u201eTrij\u0173 li\u016bt\u0173\u201c vyriausiasis treneris, sak\u0117 spaudos konferencijoje<strong> <\/strong>jis dar nebuvo apsisprend\u0119s \u0161iuo klausimu.<\/p>\n<p>Ta\u010diau v\u0117liau kalb\u0117damas su \u201eSky News\u201c sporto korespondentu <strong>Robas Harrisas<\/strong>Tuchelis pasak\u0117: \u201eA\u0161 tikrai prad\u0117siu to mokytis.<\/p>\n<p>&#8222;A\u0161 tai patyriau tris kartus \u010dia, Vemblyje, taur\u0117s finale du ar tris kartus \u2013 tai labai sujaudino. Nenoriu \u012f\u017eeisti \u017emoni\u0173.&#8221;<\/p>\n<div class=\"sdc-article-widget sdc-site-video callfn\" data-account-id=\"6058004172001\" data-amp-iframe-embed=\"\" data-asset-id=\"6085161f-b605-462b-89ac-9943bc96f16c\" data-asset-path=\"\" data-asset-version=\"\" data-autoplay=\"false\" data-auth-config=\"\" data-caption=\"Tuchel's answer on singing anthem\" data-clip-type=\"\" data-component-name=\"sdc-site-video\" data-competition=\"\" data-copy-url-text=\"URL copied to clipboard\" data-fn=\"sdc-site-video\" data-id=\"id_6085161f-b605-462b-89ac-9943bc96f16c\" data-is-live-stream=\"false\" data-lite=\"true\" data-options=\"\" data-originator-id=\"51\" data-originator-handle=\"brightcove-news-gb\" data-package-name=\"\" data-provider=\"brightcove\" data-player-id=\"RC9PQUaJ6\" data-playsinline=\"\" data-sensitive=\"false\" data-sdc-id=\"6717665\" data-sdc-video-id=\"6085161f-b605-462b-89ac-9943bc96f16c\" data-sport-category=\"\" data-state=\"loading\" data-token-state=\"none\" data-video-ad-unit=\"\" data-video-blacklisted-originator-ids=\"\" data-video-id=\"ref:6085161f-b605-462b-89ac-9943bc96f16c\" data-video-type=\"\" data-auto-pause-on-not-visible=\"true\" tabindex=\"-1\" data-closed-captions-position=\"middle-third\" data-show-closed-captions=\"true\" data-show-pip=\"true\" data-show-live-stream-scrubber=\"true\">\n<div class=\"sdc-site-video__inner\">\n<div class=\"sdc-site-video__content\" data-role=\"bridge-controller\" style=\"padding-bottom: calc(100% \/ ());\">\n<p class=\"sdc-site-video__accessibility-message\" data-role=\"accessibility-message\">Jei norite lengviau pasiekti vaizdo \u012fra\u0161\u0173 grotuv\u0105, naudokite nar\u0161ykl\u0119 \u201eChrome\u201c.<\/p>\n<p>              <span aria-hidden=\"true\" data-role=\"poster\" class=\"sdc-site-video__poster\"><br \/>\n                <br \/>\n              <span class=\"sdc-site-video__loader\"\/><br \/>\n                <span class=\"sdc-site-video__time\">0:42<\/span><br \/>\n              <\/span><\/p>\n<p>              <video id=\"id_6085161f-b605-462b-89ac-9943bc96f16c\" data-embed=\"default\" data-application-id=\"\" class=\"video-js sdc-site-video__tag\" controls=\"\" playsinline=\"\"\/>\n            <\/div><figcaption class=\"sdc-site-video__caption ui-media-caption\">\n<p>              <span class=\"ui-media-caption__caption-text\" data-role=\"caption-text\">Tuchelio atsakymas apie himno giedojim\u0105<\/span><br \/>\n            <\/figcaption><\/div>\n<\/p><\/div>\n<p>Jis prid\u016br\u0117: \u201eDabar jau\u010diu tai, k\u0105 \u017emon\u0117s galvoja ir kokia atmosfera tam yra, ir priimsiu savo sprendim\u0105, bet tai nepakeis mano po\u017ei\u016brio \u012f tai, kiek dirbsiu savo svajon\u0117je, kad tai \u012fvykt\u0173. \u201c<\/p>\n<p>Jis ateina po a <strong>eil\u0117je prie\u0161 dabartin\u012f laikin\u0105j\u012f vadov\u0105 Lee Carsley<\/strong>kuris atstovavo Airijai kaip \u017eaid\u0117jas, po to, kai paskelb\u0117 nedainuosiantis \u201eGod Save The King\u201c prie\u0161 \u201eThree Lions\u201c rungtynes.<\/p>\n<p>Po ankstesn\u0117s spaudos konferencijos \u017eurnalist\u0173 klausim\u0173 Tuchelis pasak\u0117: \u201e\u0160iam sprendimui priimsiu \u0161iek tiek laiko\u201c.<\/p>\n<div class=\"sdc-article-widget sdc-article-factbox\">\n<div class=\"sdc-article-factbox__text-wrapper\">\n<p><div id=\"ez-toc-container\" class=\"ez-toc-v2_0_82_2 counter-hierarchy ez-toc-counter ez-toc-grey ez-toc-container-direction\">\n<div class=\"ez-toc-title-container\">\n<p class=\"ez-toc-title\" style=\"cursor:inherit\">Turinys:<\/p>\n<span class=\"ez-toc-title-toggle\"><a href=\"#\" class=\"ez-toc-pull-right ez-toc-btn ez-toc-btn-xs ez-toc-btn-default ez-toc-toggle\" aria-label=\"Toggle Table of Content\"><span class=\"ez-toc-js-icon-con\"><span class=\"\"><span class=\"eztoc-hide\" style=\"display:none;\">Toggle<\/span><span class=\"ez-toc-icon-toggle-span\"><svg style=\"fill: #999;color:#999\" xmlns=\"http:\/\/www.w3.org\/2000\/svg\" class=\"list-377408\" width=\"20px\" height=\"20px\" viewBox=\"0 0 24 24\" fill=\"none\"><path d=\"M6 6H4v2h2V6zm14 0H8v2h12V6zM4 11h2v2H4v-2zm16 0H8v2h12v-2zM4 16h2v2H4v-2zm16 0H8v2h12v-2z\" fill=\"currentColor\"><\/path><\/svg><svg style=\"fill: #999;color:#999\" class=\"arrow-unsorted-368013\" xmlns=\"http:\/\/www.w3.org\/2000\/svg\" width=\"10px\" height=\"10px\" viewBox=\"0 0 24 24\" version=\"1.2\" baseProfile=\"tiny\"><path d=\"M18.2 9.3l-6.2-6.3-6.2 6.3c-.2.2-.3.4-.3.7s.1.5.3.7c.2.2.4.3.7.3h11c.3 0 .5-.1.7-.3.2-.2.3-.5.3-.7s-.1-.5-.3-.7zM5.8 14.7l6.2 6.3 6.2-6.3c.2-.2.3-.5.3-.7s-.1-.5-.3-.7c-.2-.2-.4-.3-.7-.3h-11c-.3 0-.5.1-.7.3-.2.2-.3.5-.3.7s.1.5.3.7z\"\/><\/svg><\/span><\/span><\/span><\/a><\/span><\/div>\n<nav><ul class='ez-toc-list ez-toc-list-level-1 ' ><li class='ez-toc-page-1 ez-toc-heading-level-4'><a class=\"ez-toc-link ez-toc-heading-1\" href=\"https:\/\/www.ziniulaisve.lt\/index.php\/2024\/10\/16\/naujasis-anglijos-treneris-thomas-tuchelis-sako-kad-prades-mokytis-himno-jk-naujienos\/#Tautiskos_giesmes_zodziai\" >Tauti\u0161kos giesm\u0117s \u017eod\u017eiai<\/a><\/li><li class='ez-toc-page-1 ez-toc-heading-level-4'><a class=\"ez-toc-link ez-toc-heading-2\" href=\"https:\/\/www.ziniulaisve.lt\/index.php\/2024\/10\/16\/naujasis-anglijos-treneris-thomas-tuchelis-sako-kad-prades-mokytis-himno-jk-naujienos\/#Tuchelis_pradeda_zavesio_puolima_taciau_pasirodymai_aiksteleje_bus_svarbiausi\" >Tuchelis pradeda \u017eavesio puolim\u0105, ta\u010diau pasirodymai aik\u0161tel\u0117je bus svarbiausi<\/a><\/li><\/ul><\/nav><\/div>\n<h4 class=\"sdc-article-factbox__title\"><span class=\"ez-toc-section\" id=\"Tautiskos_giesmes_zodziai\"><\/span>Tauti\u0161kos giesm\u0117s \u017eod\u017eiai<span class=\"ez-toc-section-end\"><\/span><\/h4>\n<\/p>\n<p class=\"sdc-article-factbox__text\">Dieve, i\u0161gelb\u0117k m\u016bs\u0173 maloning\u0105 karali\u0173<\/p>\n<p class=\"sdc-article-factbox__text\">Tegyvuoja m\u016bs\u0173 kilnus karalius\n<\/p>\n<p class=\"sdc-article-factbox__text\">Dieve saugok karali\u0173\n<\/p>\n<p class=\"sdc-article-factbox__text\">I\u0161si\u0173skite j\u012f pergaling\u0105\n<\/p>\n<p class=\"sdc-article-factbox__text\">Laimingas ir \u0161lovingas<\/p>\n<p class=\"sdc-article-factbox__text\">Ilgai vie\u0161patauti mums<\/p>\n<p class=\"sdc-article-factbox__text\">Dieve saugok karali\u0173<\/p>\n<\/p><\/div>\n<\/div>\n<p>The <strong>Futbolo asociacija<\/strong> tre\u010diadien\u012f per instrukta\u017e\u0105 atskleid\u0117, kad apsvarst\u0117 apie 10 kandidat\u0173 \u0161iam vaidmeniui, kur\u012f Tuchelis prad\u0117s eiti 2025 m.<\/p>\n<p>Valdymo organo vadovas Markas Bullinghamas sak\u0117: &#8222;Mes apklaus\u0117me ma\u017edaug 10 \u017emoni\u0173, apklaus\u0117me kelet\u0105 kandidat\u0173 i\u0161 angl\u0173. Nesitik\u0117site, kad atskleisiu daugiau.&#8221;<\/p>\n<p>Paklaustas, ar kuris nors i\u0161 j\u0173 atsisak\u0117 galimyb\u0117s, M. Bullinghamas atsak\u0117: &#8222;Akivaizdu, kad kai kurie buvo labiau pasireng\u0119 \u0161iam vaidmeniui nei kiti.<\/p>\n<p>Ponas Bullinghamas prid\u016br\u0117: \u201eManome, kad jis suteikia mums did\u017eiausi\u0105 \u0161ans\u0105 laim\u0117ti pasaulio \u010dempionat\u0105, tod\u0117l tikime, kad gavome geriausi\u0105 kandidat\u0105 \u0161iam darbui\u201c.<\/p>\n<div class=\"sdc-article-widget sdc-article-image\">\n<figure class=\"sdc-article-image__figure\">\n<div class=\"sdc-article-image__wrapper\" data-aspect-ratio=\"16\/9\">\n          <img decoding=\"async\" class=\"sdc-article-image__item\" loading=\"lazy\" intrinsicsize=\"768x432\" src=\"https:\/\/e3.365dm.com\/24\/10\/768x432\/skynews-england-thomas-tuchel_6717547.jpg?20241016133705\" srcset=\"https:\/\/e3.365dm.com\/24\/10\/384x216\/skynews-england-thomas-tuchel_6717547.jpg?20241016133705 380w, https:\/\/e3.365dm.com\/24\/10\/768x432\/skynews-england-thomas-tuchel_6717547.jpg?20241016133705 760w, https:\/\/e3.365dm.com\/24\/10\/1600x900\/skynews-england-thomas-tuchel_6717547.jpg?20241016133705 1024w, https:\/\/e3.365dm.com\/24\/10\/2048x1152\/skynews-england-thomas-tuchel_6717547.jpg?20241016133705 2048w\" sizes=\"(min-width: 1024px) 1024px, 100vw\" alt=\"Naujai paskirtas Anglijos vyriausiasis treneris Thomas Tuchelis per spaudos konferencij\u0105 Vemblio stadione.  Nuotrauka: PA\"\/>\n    <\/div><figcaption class=\"ui-media-caption\">\n        <span class=\"u-hide-visually\">Vaizdas:<\/span><br \/>\n        <span class=\"ui-media-caption__caption-text\">Tomas Tuchelis spaudos konferencijoje \u0161ypsojosi. Nuotrauka: PA<br \/>\n        <\/span><br \/>\n      <\/figcaption><\/figure>\n<\/div>\n<p>Prie\u0161 prad\u0117damas dirbti Anglijoje, Tuchelis buvo glaud\u017eiai susij\u0119s su \u201eManchester United\u201c, kurio vadovas Erikas ten Hagas patiria spaudim\u0105.<\/p>\n<p>Paklaustas apie tuos prane\u0161imus ir kod\u0117l jis pasirinko b\u016btent Anglij\u0105, Tuchelis sak\u0117: \u201eId\u0117ja ir b\u016bdas, kaip Markas (Bullinghamas) ir Johnas (McDermottas, FA techninis direktorius) j\u0105 pristat\u0117, buvo labai greitas, labai \u012fdomus, labai konfidencialus ir patikimas.<\/p>\n<p>\u201eTai buvo labai paprasta. Tai buvo sprendimas d\u0117l \u0161io darbo, o ne prie\u0161 k\u0105 nors kit\u0105.<\/p>\n<p>Kit\u0173 klub\u0173 nekomentuosiu.<\/p>\n<div class=\"sdc-article-widget sdc-article-factbox\">\n<div class=\"sdc-article-factbox__text-wrapper\">\n<p><h4 class=\"sdc-article-factbox__title\"><span class=\"ez-toc-section\" id=\"Tuchelis_pradeda_zavesio_puolima_taciau_pasirodymai_aiksteleje_bus_svarbiausi\"><\/span>Tuchelis pradeda \u017eavesio puolim\u0105, ta\u010diau pasirodymai aik\u0161tel\u0117je bus svarbiausi<span class=\"ez-toc-section-end\"><\/span><\/h4>\n<\/p>\n<div class=\"sdc-article-factbox__author\">\n<p>                  <img decoding=\"async\" class=\"sdc-article-factbox__author-image\" src=\"https:\/\/e3.365dm.com\/22\/09\/75x75\/skynews-rob-harris-correspondent_5883685.jpg?20230605071733\" srcset=\"https:\/\/e3.365dm.com\/22\/09\/75x75\/skynews-rob-harris-correspondent_5883685.jpg?20230605071733 75w, https:\/\/e3.365dm.com\/22\/09\/120x120\/skynews-rob-harris-correspondent_5883685.jpg?20230605071733 120w\" alt=\"Robas Harrisas\"\/><\/p>\n<div class=\"sdc-article-factbox__author-text\">\n<p>              Robas Harrisas<\/p>\n<div class=\"sdc-article-factbox__author-information\">\n<p class=\"sdc-article-factbox__author-job-title\">Sporto korespondentas<\/p>\n<p>                      @RobHarris\n            <\/p><\/div>\n<\/p><\/div>\n<\/p><\/div>\n<p class=\"sdc-article-factbox__text\">Susidurti su prie\u0161i\u0161kumu ir isterija ateina su teritorija \u2013 net Anglijos vadovams anglams.<\/p>\n<p class=\"sdc-article-factbox__text\">Taigi viskas, k\u0105 Thomas Tuchelis gal\u0117jo pabandyti, buvo \u017eavesio puolimas per Wembley atidengim\u0105 \u2013 aik\u0161t\u0117je puikavosi mar\u0161kin\u0117liais.<\/p>\n<p class=\"sdc-article-factbox__text\">Buvo paruo\u0161ta ir daug kart\u0173 kartojama eilut\u0117 apie svajon\u0119 ant mar\u0161kin\u0117li\u0173 u\u017esid\u0117ti antr\u0105j\u0105 \u017evaig\u017ed\u0119, laim\u0117jus 2026 m. pasaulio \u010dempionat\u0105.<\/p>\n<p class=\"sdc-article-factbox__text\">Ir \u010dia kalbama apie savo meil\u0119 Anglijai ir futbolui.<\/p>\n<p class=\"sdc-article-factbox__text\">Vokietis teig\u0117 nepasteb\u0117tas \u201eDaily Mail\u201c puslapio antra\u0161t\u0117s, kuri pasveikino jo paskyrim\u0105 kaip \u201etamsi\u0105 Anglijos dien\u0105\u201c \u2013 prisimindamas Sveno-Gorano Erikssono paskyrim\u0105 2000 m., kuris buvo pasmerktas kaip \u201em\u016bs\u0173 pirmagimi\u0173 teisi\u0173 pardavimas\u201c.<\/p>\n<p class=\"sdc-article-factbox__text\">Skirtingai nei Erikssonas ir Fabio Capello prie\u0161 j\u012f, \u0161is tre\u010diasis \u201eTrij\u0173 li\u016bt\u0173\u201c u\u017esienio vadovas i\u0161 tikr\u0173j\u0173 \u010dia treniravo.<\/p>\n<p class=\"sdc-article-factbox__text\">Tuchelis nenor\u0117s kalb\u0117ti apie tai, koks trumpas buvo tas burtas \u2013 \u201eChelsea\u201c truko vos 15 m\u0117nesi\u0173, o apie pos\u016bk\u012f ir greit\u0105 s\u0117km\u0119.<\/p>\n<p class=\"sdc-article-factbox__text\">Nors tai yra ma\u017eiau vertinamas klub\u0173 pasaulio taur\u0117 jo CV, Anglijos treneris nepasiek\u0117 jokios formos vyresni\u0173j\u0173 pasaulio taur\u0117s nuo 1966 m., kai seras Alfas Ramsey.<\/p>\n<p class=\"sdc-article-factbox__text\">Ta\u010diau misija u\u017ebaigti 58 metus trukusias skriaudas \u2013 tai ne tik taktinis komandos pertvarkymas.<\/p>\n<p class=\"sdc-article-factbox__text\">Kalbama apie ry\u0161\u012f su sirgaliais, kur simbolika gali tapti fiksacija \u2013 o komanda gali b\u016bti panaudota patriotizmo paradams \u012fvertinti. \u201eTikrai prad\u0117siu mokytis to (nacionalinio himno)\u201c, \u2013 \u201eSky News\u201c sak\u0117 Tuchelis, prisimindamas, kad jis buvo \u017eaid\u017eiamas Wembley taur\u0117s finale, kai jis vadovavo \u201eChelsea\u201c. <\/p>\n<p class=\"sdc-article-factbox__text\">\u201eTai buvo labai jaudina, bet dar neapsisprend\u017eiau, dainuosiu ar ne. Turiu tam \u0161iek tiek laiko. <\/p>\n<p class=\"sdc-article-factbox__text\">&#8222;Ir net ir tokiu sprendimu nenoriu \u012f\u017eeisti \u017emoni\u0173. Pajusiu, k\u0105 \u017emon\u0117s galvoja ir kokia atmosfera tam yra.&#8221;<\/p>\n<p class=\"sdc-article-factbox__text\">Net baim\u0117 \u012fsi\u017eeisti parodo, kiek \u0161iame darbe gali b\u016bti trypimas kiau\u0161ini\u0173 luk\u0161tais \u2013 kur keistenyb\u0117s, absurdai ir gin\u010dai gali atitraukti d\u0117mes\u012f nuo pagrindinio darbo.<\/p>\n<p class=\"sdc-article-factbox__text\">Tuchelis sak\u0117 es\u0105s \u012fsitikin\u0119s, kad imsis \u0161io darbo, nes jis susij\u0119s su futbolu \u201ene sporto politika\u201c. <\/p>\n<p class=\"sdc-article-factbox__text\">Tai gali b\u016bti svajon\u0117, kai Garethas Southgate&#8217;as tur\u0117jo pereiti nuo \u201eBrexit\u201c iki \u017emogaus teisi\u0173, o Anglija vis tiek veda \u012f Europos \u010dempionato final\u0105.<\/p>\n<p class=\"sdc-article-factbox__text\">Gal\u0173 gale Tuchel kalba apie tai, kaip priversti komand\u0105 per\u017eengti rib\u0105, kad nusileist\u0173 sidabro dirbinius.<\/p>\n<p class=\"sdc-article-factbox__text\">\u201eManome, kad turime visk\u0105, ko reikia\u201c, \u2013 sak\u0117 Tuchelis. \u201eTa\u010diau dabar mes turime rasti tinkam\u0173 ingredient\u0173 ir sukurti tinkam\u0105 grup\u0119, turin\u010di\u0105 tinkam\u0105 m\u0105stym\u0105, kad tai \u012fvykt\u0173.<\/p>\n<p class=\"sdc-article-factbox__text\">O Tuchelis pademonstravo m\u0105stym\u0105 ir ry\u017et\u0105 pakilti nuo trenerio \u017eemesn\u0117se Vokietijos lygose iki vieno did\u017eiausi\u0173 darbo viet\u0173 pasaulio futbole.<\/p>\n<p class=\"sdc-article-factbox__text\">\u0160iandien jis kalb\u0117jo apie ger\u0105 \u017eaidim\u0105. Nuo kovo jis aik\u0161tel\u0117je tur\u0117s prad\u0117ti pristatyti.<\/p>\n<\/p><\/div>\n<\/div>\n<p>Ankstesn\u0117je vaizdo \u017einut\u0117je gerb\u0117jams Tuchelis teig\u0117, kad jis siekia \u201eantros \u017evaig\u017ed\u0117s\u201c ant Anglijos mar\u0161kin\u0117li\u0173 \u2013 tai galima pasiekti tik laim\u0117jus. <strong>Pasaulio taur\u0117<\/strong>.<\/p>\n<p>Kalb\u0117damas i\u0161 Wembley stadiono buv\u0119s \u201eChelsea\u201c treneris sak\u0117: \u201eEsu \u0161iek tiek nervingas, tai mano pirmoji \u017einut\u0117 kaip Anglijos vyriausiojo trenerio.<\/p>\n<p>\u201eYra prie\u017eastis \u0161iek tiek nervintis, manau, kad tai geras dalykas. Galiu pa\u017ead\u0117ti, kad esu labai susijaudin\u0119s ir labai pagerbtas.<\/p>\n<p>\u201ePadarysime visk\u0105, kad patektume \u012f pasaulio \u010dempionat\u0105, o paskui bandysime u\u017esivilkti antr\u0105j\u0105 \u017evaig\u017ed\u0119.<\/p>\n<p><strong>Skaityti daugiau:<\/strong><br \/><strong>K\u0105 mes \u017einome apie nauj\u0105j\u012f Anglijos vadybinink\u0105<\/strong><br \/><strong>Kaip atsitiko: Tuchel spaudos konferencija tiesiogiai<\/strong><br \/><strong>Tuchelis pasira\u0161\u0117 sutart\u012f su Anglijos rinktin\u0117s treneriu<\/strong><\/p>\n<div class=\"sdc-article-widget sdc-site-video callfn\" data-account-id=\"6058004172001\" data-amp-iframe-embed=\"\" data-asset-id=\"1ee055e6-cda3-425f-9f41-693dc27844e1\" data-asset-path=\"\" data-asset-version=\"\" data-autoplay=\"false\" data-auth-config=\"\" data-caption=\"New England boss shares message with fans\" data-clip-type=\"\" data-component-name=\"sdc-site-video\" data-competition=\"\" data-copy-url-text=\"URL copied to clipboard\" data-fn=\"sdc-site-video\" data-id=\"id_1ee055e6-cda3-425f-9f41-693dc27844e1\" data-is-live-stream=\"false\" data-lite=\"true\" data-options=\"\" data-originator-id=\"51\" data-originator-handle=\"brightcove-news-gb\" data-package-name=\"\" data-provider=\"brightcove\" data-player-id=\"RC9PQUaJ6\" data-playsinline=\"\" data-sensitive=\"false\" data-sdc-id=\"6717503\" data-sdc-video-id=\"1ee055e6-cda3-425f-9f41-693dc27844e1\" data-sport-category=\"\" data-state=\"loading\" data-token-state=\"none\" data-video-ad-unit=\"\" data-video-blacklisted-originator-ids=\"\" data-video-id=\"ref:1ee055e6-cda3-425f-9f41-693dc27844e1\" data-video-type=\"\" data-auto-pause-on-not-visible=\"true\" tabindex=\"-1\" data-closed-captions-position=\"middle-third\" data-show-closed-captions=\"true\" data-show-pip=\"true\" data-show-live-stream-scrubber=\"true\">\n<div class=\"sdc-site-video__inner\">\n<div class=\"sdc-site-video__content\" data-role=\"bridge-controller\" style=\"padding-bottom: calc(100% \/ ());\">\n<p class=\"sdc-site-video__accessibility-message\" data-role=\"accessibility-message\">Jei norite lengviau pasiekti vaizdo \u012fra\u0161\u0173 grotuv\u0105, naudokite nar\u0161ykl\u0119 \u201eChrome\u201c.<\/p>\n<p>              <span aria-hidden=\"true\" data-role=\"poster\" class=\"sdc-site-video__poster\"><br \/>\n                <img decoding=\"async\" loading=\"lazy\" src=\"https:\/\/e3.365dm.com\/24\/10\/768x432\/skynews-tuchel-england-manager_6717507.jpg?20241016124857\" alt=\"Tuchelis perims vair\u0105 nuo 2025 m. sausio 1 d.\" srcset=\"\" aria-hidden=\"true\" class=\"sdc-site-video__poster-img\"\/><br \/>\n              <span class=\"sdc-site-video__loader\"\/><br \/>\n                <span class=\"sdc-site-video__time\">0:30<\/span><br \/>\n              <\/span><\/p>\n<p>              <video id=\"id_1ee055e6-cda3-425f-9f41-693dc27844e1\" data-embed=\"default\" data-application-id=\"\" class=\"video-js sdc-site-video__tag\" controls=\"\" playsinline=\"\"\/>\n            <\/div><figcaption class=\"sdc-site-video__caption ui-media-caption\">\n<p>              <span class=\"ui-media-caption__caption-text\" data-role=\"caption-text\">Naujosios Anglijos bosas dalijasi \u017einute su gerb\u0117jais<\/span><br \/>\n            <\/figcaption><\/div>\n<\/p><\/div>\n<p>Tuchelis taip pat sak\u0117, kad tikisi sulaukti skepti\u0161k\u0173 gerb\u0117j\u0173, kurie tiki <strong>Trys li\u016btai<\/strong> tur\u0117t\u0173 valdyti tik anglas.<\/p>\n<p>Jis sak\u0117: \u201ePadarysiu visk\u0105, kad parody\u010diau pagarb\u0105 \u0161iam vaidmeniui ir \u0161iai \u0161aliai&#8230; nesvarbu, koks (mano) nacionaliniame pase nurodytas a\u0161 esu\u201c.<\/p>\n<div class=\"sdc-article-widget sdc-site-video callfn\" data-account-id=\"6058004172001\" data-amp-iframe-embed=\"\" data-asset-id=\"ff1ed23d-b6e1-4dd4-bd4a-4afc1b5e9ad4\" data-asset-path=\"\" data-asset-version=\"\" data-autoplay=\"false\" data-auth-config=\"\" data-caption=\"German fans react to Tuchel appointment\" data-clip-type=\"\" data-component-name=\"sdc-site-video\" data-competition=\"\" data-copy-url-text=\"URL copied to clipboard\" data-fn=\"sdc-site-video\" data-id=\"id_ff1ed23d-b6e1-4dd4-bd4a-4afc1b5e9ad4\" data-is-live-stream=\"false\" data-lite=\"true\" data-options=\"\" data-originator-id=\"51\" data-originator-handle=\"brightcove-news-gb\" data-package-name=\"\" data-provider=\"brightcove\" data-player-id=\"RC9PQUaJ6\" data-playsinline=\"\" data-sensitive=\"false\" data-sdc-id=\"6717566\" data-sdc-video-id=\"ff1ed23d-b6e1-4dd4-bd4a-4afc1b5e9ad4\" data-sport-category=\"\" data-state=\"loading\" data-token-state=\"none\" data-video-ad-unit=\"\" data-video-blacklisted-originator-ids=\"\" data-video-id=\"ref:ff1ed23d-b6e1-4dd4-bd4a-4afc1b5e9ad4\" data-video-type=\"\" data-auto-pause-on-not-visible=\"true\" tabindex=\"-1\" data-closed-captions-position=\"middle-third\" data-show-closed-captions=\"true\" data-show-pip=\"true\" data-show-live-stream-scrubber=\"true\">\n<div class=\"sdc-site-video__inner\">\n<div class=\"sdc-site-video__content\" data-role=\"bridge-controller\" style=\"padding-bottom: calc(100% \/ ());\">\n<p class=\"sdc-site-video__accessibility-message\" data-role=\"accessibility-message\">Jei norite lengviau pasiekti vaizdo \u012fra\u0161\u0173 grotuv\u0105, naudokite nar\u0161ykl\u0119 \u201eChrome\u201c.<\/p>\n<p>              <span aria-hidden=\"true\" data-role=\"poster\" class=\"sdc-site-video__poster\"><br \/>\n                <img decoding=\"async\" loading=\"lazy\" src=\"https:\/\/e3.365dm.com\/24\/10\/768x432\/skynews-football-tuchel-germans_6717565.jpg?20241016134551\" alt=\"Tuchelis oficialiai prad\u0117s eiti naujas pareigas nuo 2025 m. sausio 1 d.\" srcset=\"\" aria-hidden=\"true\" class=\"sdc-site-video__poster-img\"\/><br \/>\n              <span class=\"sdc-site-video__loader\"\/><br \/>\n                <span class=\"sdc-site-video__time\">0:56<\/span><br \/>\n              <\/span><\/p>\n<p>              <video id=\"id_ff1ed23d-b6e1-4dd4-bd4a-4afc1b5e9ad4\" data-embed=\"default\" data-application-id=\"\" class=\"video-js sdc-site-video__tag\" controls=\"\" playsinline=\"\"\/>\n            <\/div><figcaption class=\"sdc-site-video__caption ui-media-caption\">\n<p>              <span class=\"ui-media-caption__caption-text\" data-role=\"caption-text\">Vokietijos gerb\u0117jai reaguoja \u012f Tuchelio paskyrim\u0105<\/span><br \/>\n            <\/figcaption><\/div>\n<\/p><\/div>\n<p>Tuchelis sak\u0117 manantis, kad Anglijos vyr\u0173 rinktin\u0117 turi \u201eingredient\u0173\u201c laim\u0117ti pirm\u0105j\u012f pagrindin\u012f turnyr\u0105 nuo 1966 m. pasaulio \u010dempionato.<\/p>\n<p>Jis taip pat atsisak\u0117 pasakyti, ar Harry Kane&#8217;as, kuriam vadovavo Miuncheno \u201eBayern\u201c, liks Anglijos kapitonu, sakydamas, kad \u201edar per anksti atsakyti \u012f tokius klausimus\u201c.<\/p>\n<p>FA taip pat atskleid\u0117, kad Tuchelio sutartis galioja 18 m\u0117nesi\u0173 ir buvo pasira\u0161yta pra\u0117jus\u012f antradien\u012f.<\/p>\n<\/p><\/div>\n<p><br \/>\n<br \/><a href=\"https:\/\/news.sky.com\/story\/englands-new-manager-thomas-tuchel-quizzed-on-whether-he-will-sing-national-anthem-13234596\">Source link <\/a><\/p>\n","protected":false},"excerpt":{"rendered":"<p>Thomas Tuchelis sak\u0117 \u201eSky News\u201c, kad \u201eprad\u0117s mokytis\u201c nacionalinio himno po klausim\u0173, ar dainuos j\u012f prie\u0161 Anglijos rungtynes. The 51 met\u0173 vokietiskuris buvo oficialiai pristatytas kaip naujasis \u201eTrij\u0173 li\u016bt\u0173\u201c vyriausiasis treneris, sak\u0117 spaudos konferencijoje jis dar nebuvo apsisprend\u0119s \u0161iuo klausimu. Ta\u010diau v\u0117liau kalb\u0117damas su \u201eSky News\u201c sporto korespondentu Robas HarrisasTuchelis pasak\u0117: \u201eA\u0161 tikrai prad\u0117siu to [&hellip;]<\/p>\n","protected":false},"author":1,"featured_media":657,"comment_status":"open","ping_status":"open","sticky":false,"template":"","format":"standard","meta":{"om_disable_all_campaigns":false,"_monsterinsights_skip_tracking":false,"_monsterinsights_sitenote_active":false,"_monsterinsights_sitenote_note":"","_monsterinsights_sitenote_category":0,"footnotes":""},"categories":[3],"tags":[74,1217,174,1216,379,31,1215,241,1213,1212,1214],"class_list":["post-656","post","type-post","status-publish","format-standard","has-post-thumbnail","hentry","category-pasaulio-zinios","tag-anglijos","tag-himno","tag-kad","tag-mokytis","tag-naujasis","tag-naujienos","tag-prades","tag-sako","tag-thomas","tag-treneris","tag-tuchelis"],"aioseo_notices":[],"_links":{"self":[{"href":"https:\/\/www.ziniulaisve.lt\/index.php\/wp-json\/wp\/v2\/posts\/656","targetHints":{"allow":["GET"]}}],"collection":[{"href":"https:\/\/www.ziniulaisve.lt\/index.php\/wp-json\/wp\/v2\/posts"}],"about":[{"href":"https:\/\/www.ziniulaisve.lt\/index.php\/wp-json\/wp\/v2\/types\/post"}],"author":[{"embeddable":true,"href":"https:\/\/www.ziniulaisve.lt\/index.php\/wp-json\/wp\/v2\/users\/1"}],"replies":[{"embeddable":true,"href":"https:\/\/www.ziniulaisve.lt\/index.php\/wp-json\/wp\/v2\/comments?post=656"}],"version-history":[{"count":0,"href":"https:\/\/www.ziniulaisve.lt\/index.php\/wp-json\/wp\/v2\/posts\/656\/revisions"}],"wp:featuredmedia":[{"embeddable":true,"href":"https:\/\/www.ziniulaisve.lt\/index.php\/wp-json\/wp\/v2\/media\/657"}],"wp:attachment":[{"href":"https:\/\/www.ziniulaisve.lt\/index.php\/wp-json\/wp\/v2\/media?parent=656"}],"wp:term":[{"taxonomy":"category","embeddable":true,"href":"https:\/\/www.ziniulaisve.lt\/index.php\/wp-json\/wp\/v2\/categories?post=656"},{"taxonomy":"post_tag","embeddable":true,"href":"https:\/\/www.ziniulaisve.lt\/index.php\/wp-json\/wp\/v2\/tags?post=656"}],"curies":[{"name":"wp","href":"https:\/\/api.w.org\/{rel}","templated":true}]}}