{"id":336,"date":"2024-09-08T15:31:28","date_gmt":"2024-09-08T15:31:28","guid":{"rendered":"https:\/\/www.ziniulaisve.lt\/index.php\/2024\/09\/08\/labai-pavojingas-britu-kalinys-tarp-penkiu-pabegusiu-is-griezto-rezimo-kalejimo-portugalijoje-pasaulio-naujienos\/"},"modified":"2024-09-08T15:31:28","modified_gmt":"2024-09-08T15:31:28","slug":"labai-pavojingas-britu-kalinys-tarp-penkiu-pabegusiu-is-griezto-rezimo-kalejimo-portugalijoje-pasaulio-naujienos","status":"publish","type":"post","link":"https:\/\/www.ziniulaisve.lt\/index.php\/2024\/09\/08\/labai-pavojingas-britu-kalinys-tarp-penkiu-pabegusiu-is-griezto-rezimo-kalejimo-portugalijoje-pasaulio-naujienos\/","title":{"rendered":"\u201eLabai pavojingas\u201c brit\u0173 kalinys tarp penki\u0173 pab\u0117gusi\u0173 i\u0161 grie\u017eto re\u017eimo kal\u0117jimo Portugalijoje | Pasaulio naujienos"},"content":{"rendered":"<p> <br \/>\n<\/p>\n<div data-component-name=\"ui-article-body\" data-highlight-intro=\"true\">\n<p>\u201eLabai pavojingas\u201c brit\u0173 kalinys yra tarp penki\u0173 kalini\u0173, pab\u0117gusi\u0173 i\u0161 grie\u017eto re\u017eimo kal\u0117jimo Portugalijoje.<\/p>\n<p>39 met\u0173 Markas Cameronas Roscaleeris atliko devyneri\u0173 met\u0173 bausm\u0119 u\u017e pagrobim\u0105 ir apipl\u0117\u0161im\u0105 Vale de Judeus kal\u0117jime, esan\u010diame ma\u017edaug 43 myli\u0173 (70 km) \u012f \u0161iaur\u0119 nuo Lisabonos.<\/p>\n<p>Pasak Portugalijos kal\u0117jim\u0173 tarnybos (DGRSP), penki vyrai, kuri\u0173 am\u017eius nuo 33 iki 61 met\u0173, sekmadienio ryt\u0105 pab\u0117go ir gavo \u201ei\u0161or\u0117s pagalbos\u201c i\u0161 bendrinink\u0173, kurie suteik\u0117 kop\u0117\u010dias, kurios \u201eleido kaliniams perlipti sien\u0105\u201c.<\/p>\n<div class=\"sdc-article-widget sdc-article-image\">\n<figure class=\"sdc-article-image__figure\">\n<div class=\"sdc-article-image__wrapper\" data-aspect-ratio=\"16\/9\">\n          \n    <\/div><figcaption class=\"ui-media-caption\">\n        <span class=\"u-hide-visually\">Vaizdas:<\/span><br \/>\n        <span class=\"ui-media-caption__caption-text\">Markas Cameronas Roscaleeris. Nuotrauka: policija<br \/>\n        <\/span><br \/>\n      <\/figcaption><\/figure>\n<\/div>\n<p>Nacionalin\u0117s kal\u0117jim\u0173 sargybini\u0173 s\u0105jungos (SNCGP) prezidentas Frederico Morais apib\u016bdino Roscaleer\u012f kaip \u201elabai pavojing\u0105\u201c ir patar\u0117 \u017emon\u0117ms, kad jei jie pamatyt\u0173 j\u012f ar kitus kalinius, jie nesiartint\u0173 prie j\u0173.<\/p>\n<p>Jis taip pat pateik\u0117 detali\u0173 apie pab\u0117gim\u0105: \u201eJiems pavyko per\u0161okti tinkl\u0105, nes n\u0117ra sargybini\u0173, kurie steb\u0117t\u0173 perimetr\u0105&#8230; prid\u0117jo kop\u0117\u010dias \u012f sien\u0105 ir i\u0161 ten su rank\u0173 darbo virve perlipo sien\u0105\u201c.<\/p>\n<div class=\"sdc-article-widget sdc-article-image\">\n<figure class=\"sdc-article-image__figure\">\n<div class=\"sdc-article-image__wrapper\" data-aspect-ratio=\"16\/9\">\n          <img decoding=\"async\" class=\"sdc-article-image__item\" loading=\"lazy\" intrinsicsize=\"768x432\" src=\"https:\/\/e3.365dm.com\/24\/09\/768x432\/skynews-portugal-vale-de-judeus_6679612.jpg?20240908132228\" srcset=\"https:\/\/e3.365dm.com\/24\/09\/384x216\/skynews-portugal-vale-de-judeus_6679612.jpg?20240908132228 380w, https:\/\/e3.365dm.com\/24\/09\/768x432\/skynews-portugal-vale-de-judeus_6679612.jpg?20240908132228 760w, https:\/\/e3.365dm.com\/24\/09\/1600x900\/skynews-portugal-vale-de-judeus_6679612.jpg?20240908132228 1024w, https:\/\/e3.365dm.com\/24\/09\/2048x1152\/skynews-portugal-vale-de-judeus_6679612.jpg?20240908132228 2048w\" sizes=\"(min-width: 1024px) 1024px, 100vw\" alt=\"Vienas i\u0161 penki\u0173 kalini\u0173, u\u017efiksuot\u0173 CCTV, pab\u0117go i\u0161 grie\u017eto re\u017eimo Vale de Judeus kal\u0117jimo Portugalijoje. Ekranas i\u0161 ENEX filmuotos med\u017eiagos. Asmuo nenustatytas\"\/>\n    <\/div><figcaption class=\"ui-media-caption\">\n        <span class=\"u-hide-visually\">Vaizdas:<\/span><br \/>\n        <span class=\"ui-media-caption__caption-text\">Nuotrauka: DGRSP<br \/>\n        <\/span><br \/>\n      <\/figcaption><\/figure>\n<\/div>\n<div class=\"sdc-article-widget sdc-article-image\">\n<figure class=\"sdc-article-image__figure\">\n<div class=\"sdc-article-image__wrapper\" data-aspect-ratio=\"16\/9\">\n          <img decoding=\"async\" class=\"sdc-article-image__item\" loading=\"lazy\" intrinsicsize=\"768x432\" src=\"https:\/\/e3.365dm.com\/24\/09\/768x432\/skynews-portugal-vale-de-judeus_6679613.jpg?20240908132341\" srcset=\"https:\/\/e3.365dm.com\/24\/09\/384x216\/skynews-portugal-vale-de-judeus_6679613.jpg?20240908132341 380w, https:\/\/e3.365dm.com\/24\/09\/768x432\/skynews-portugal-vale-de-judeus_6679613.jpg?20240908132341 760w, https:\/\/e3.365dm.com\/24\/09\/1600x900\/skynews-portugal-vale-de-judeus_6679613.jpg?20240908132341 1024w, https:\/\/e3.365dm.com\/24\/09\/2048x1152\/skynews-portugal-vale-de-judeus_6679613.jpg?20240908132341 2048w\" sizes=\"(min-width: 1024px) 1024px, 100vw\" alt=\"Vienas i\u0161 penki\u0173 kalini\u0173, u\u017efiksuot\u0173 CCTV, pab\u0117go i\u0161 grie\u017eto re\u017eimo Vale de Judeus kal\u0117jimo Portugalijoje. Ekranas i\u0161 ENEX filmuotos med\u017eiagos. Asmuo nenustatytas\"\/>\n    <\/div><figcaption class=\"ui-media-caption\">\n        <span class=\"u-hide-visually\">Vaizdas:<\/span><br \/>\n        <span class=\"ui-media-caption__caption-text\">Nuotrauka: DGRSP<br \/>\n        <\/span><br \/>\n      <\/figcaption><\/figure>\n<\/div>\n<div class=\"sdc-article-widget sdc-article-image\">\n<figure class=\"sdc-article-image__figure\">\n<div class=\"sdc-article-image__wrapper\" data-aspect-ratio=\"16\/9\">\n          <img decoding=\"async\" class=\"sdc-article-image__item\" loading=\"lazy\" intrinsicsize=\"768x432\" src=\"https:\/\/e3.365dm.com\/24\/09\/768x432\/skynews-vale-de-judeus-portugal_6679616.jpg?20240908132309\" srcset=\"https:\/\/e3.365dm.com\/24\/09\/384x216\/skynews-vale-de-judeus-portugal_6679616.jpg?20240908132309 380w, https:\/\/e3.365dm.com\/24\/09\/768x432\/skynews-vale-de-judeus-portugal_6679616.jpg?20240908132309 760w, https:\/\/e3.365dm.com\/24\/09\/1600x900\/skynews-vale-de-judeus-portugal_6679616.jpg?20240908132309 1024w, https:\/\/e3.365dm.com\/24\/09\/2048x1152\/skynews-vale-de-judeus-portugal_6679616.jpg?20240908132309 2048w\" sizes=\"(min-width: 1024px) 1024px, 100vw\" alt=\"Vienas i\u0161 penki\u0173 kalini\u0173, u\u017efiksuot\u0173 CCTV, pab\u0117go i\u0161 grie\u017eto re\u017eimo Vale de Judeus kal\u0117jimo Portugalijoje. Ekranas i\u0161 ENEX filmuotos med\u017eiagos. Asmuo nenustatytas\"\/>\n    <\/div><figcaption class=\"ui-media-caption\">\n        <span class=\"u-hide-visually\">Vaizdas:<\/span><br \/>\n        <span class=\"ui-media-caption__caption-text\">Nuotrauka: DGRSP<br \/>\n        <\/span><br \/>\n      <\/figcaption><\/figure>\n<\/div>\n<p>Kiti keturi b\u0117gliai yra:<\/p>\n<p>\u2022 Fernando Ferreira, 61 m., portugalas, kal\u0117j\u0119s 25 metus u\u017e prekyb\u0105 narkotikais, vagyst\u0119, pl\u0117\u0161im\u0105 ir pagrobim\u0105<\/p>\n<p>\u2022 Fabio Loureiro, 33 m., portugalas, nuteistas 25 metams u\u017e turto prievartavim\u0105, vagyst\u0119 ir pinig\u0173 plovim\u0105<\/p>\n<p>\u2022 59 met\u0173 argentinietis Rodolfas Lohrmannas, nuteistas 18 met\u0173 ir 10 m\u0117nesi\u0173 u\u017e vagyst\u0119, pl\u0117\u0161im\u0105 ir pinig\u0173 plovim\u0105<\/p>\n<p>\u2022 42 met\u0173 Shergili Farjiani, kil\u0119s i\u0161 Gruzijos, nuteistas septyneri\u0173 met\u0173 laisv\u0117s at\u0117mimo bausme u\u017e vagystes ir klastojim\u0105 u\u017e smurtinius nusikaltimus.<\/p>\n<p><strong>B\u0117gliai yra \u201elabai pavojingi\u201c<\/strong><\/p>\n<p>Kaip ra\u0161o Portugalijos laikra\u0161tis \u201eJornal de Not\u00edcias\u201c, grupuotei pad\u0117jo trys bendrininkai i\u0161 kal\u0117jimo ir pab\u0117go i\u0161 \u012fvykio vietos dviem automobiliais \u2013 \u201eMercedes\u201c ir \u201eVolvo\u201c.<\/p>\n<p>Nacionalinis teismin\u0117s policijos direktorius Luisas Nevesas laikra\u0161\u010diui sak\u0117, kad visi kaliniai, i\u0161skyrus Shergili Farjiani, buvo \u201elabai pavojingi\u201c ir j\u0173 pab\u0117gimas buvo \u201elabai gerai pasiruo\u0161\u0119s\u201c.<\/p>\n<p>Sekmadien\u012f per spaudos konferencij\u0105 jis taip pat sak\u0117, kad jie \u201ejau kelis kartus band\u0117 pab\u0117gti i\u0161 kal\u0117jimo\u201c ir darys \u201evisk\u0105, kad likt\u0173 laisvi\u201c, persp\u0117damas: \u201eKai sakau visk\u0105, turiu omenyje visk\u0105, \u012fskaitant tai, kad \u017emogaus gyvyb\u0117 gali \u010dia gresia pavojus\u201c.<\/p>\n<div class=\"sdc-article-widget sdc-article-image\">\n<figure class=\"sdc-article-image__figure\">\n<div class=\"sdc-article-image__wrapper\" data-aspect-ratio=\"16\/9\">\n          <img decoding=\"async\" class=\"sdc-article-image__item\" loading=\"lazy\" intrinsicsize=\"768x432\" src=\"https:\/\/e3.365dm.com\/24\/09\/768x432\/skynews-vale-de-judeus-prison_6679607.jpg?20240908132427\" srcset=\"https:\/\/e3.365dm.com\/24\/09\/384x216\/skynews-vale-de-judeus-prison_6679607.jpg?20240908132427 380w, https:\/\/e3.365dm.com\/24\/09\/768x432\/skynews-vale-de-judeus-prison_6679607.jpg?20240908132427 760w, https:\/\/e3.365dm.com\/24\/09\/1600x900\/skynews-vale-de-judeus-prison_6679607.jpg?20240908132427 1024w, https:\/\/e3.365dm.com\/24\/09\/2048x1152\/skynews-vale-de-judeus-prison_6679607.jpg?20240908132427 2048w\" sizes=\"(min-width: 1024px) 1024px, 100vw\" alt=\"ekrano vaizdas i\u0161 ENEX filmuotos med\u017eiagos, kurioje u\u017efiksuotas Vale de Judeus kal\u0117jimo vaizdas, esantis ma\u017edaug 43 myli\u0173 (70 km) \u012f \u0161iaur\u0119 nuo Lisabonos Portugalijoje. Pab\u0117gimo i\u0161 kal\u0117jimo scena.\"\/>\n    <\/div><figcaption class=\"ui-media-caption\">\n        <span class=\"u-hide-visually\">Vaizdas:<\/span><br \/>\n        <span class=\"ui-media-caption__caption-text\">Vale de Judeus kal\u0117jimas yra grie\u017eto re\u017eimo kal\u0117jimas, esantis ma\u017edaug 43 myli\u0173 (70 km) \u012f \u0161iaur\u0119 nuo Lisabonos. Nuotrauka per Enex<br \/>\n        <\/span><br \/>\n      <\/figcaption><\/figure>\n<\/div>\n<div class=\"sdc-article-widget sdc-article-image\">\n<figure class=\"sdc-article-image__figure\">\n<div class=\"sdc-article-image__wrapper\" data-aspect-ratio=\"16\/9\">\n          <img decoding=\"async\" class=\"sdc-article-image__item\" loading=\"lazy\" intrinsicsize=\"768x432\" src=\"https:\/\/e3.365dm.com\/24\/09\/768x432\/skynews-vale-de-judeus-prison_6679606.jpg?20240908132408\" srcset=\"https:\/\/e3.365dm.com\/24\/09\/384x216\/skynews-vale-de-judeus-prison_6679606.jpg?20240908132408 380w, https:\/\/e3.365dm.com\/24\/09\/768x432\/skynews-vale-de-judeus-prison_6679606.jpg?20240908132408 760w, https:\/\/e3.365dm.com\/24\/09\/1600x900\/skynews-vale-de-judeus-prison_6679606.jpg?20240908132408 1024w, https:\/\/e3.365dm.com\/24\/09\/2048x1152\/skynews-vale-de-judeus-prison_6679606.jpg?20240908132408 2048w\" sizes=\"(min-width: 1024px) 1024px, 100vw\" alt=\"ekrano vaizdas i\u0161 ENEX filmuotos med\u017eiagos, kurioje u\u017efiksuotas Vale de Judeus kal\u0117jimo vaizdas, esantis ma\u017edaug 43 myli\u0173 (70 km) \u012f \u0161iaur\u0119 nuo Lisabonos Portugalijoje. Pab\u0117gimo i\u0161 kal\u0117jimo scena.\"\/>\n    <\/div><figcaption class=\"ui-media-caption\">\n        <span class=\"u-hide-visually\">Vaizdas:<\/span><br \/>\n        <span class=\"ui-media-caption__caption-text\">Nuotrauka per Enex<br \/>\n        <\/span><br \/>\n      <\/figcaption><\/figure>\n<\/div>\n<p><strong>Skaitykite daugiau i\u0161 \u201eSky News\u201c:<br \/>Privatus sektorius \u201ereikia suma\u017einti NHS laukian\u010di\u0173j\u0173 s\u0105ra\u0161\u0105\u201c<br \/>Vaikai, kuriuos skaud\u0117jo d\u0117l chirurgo sugedusi\u0173 koj\u0173 operacij\u0173<\/strong><\/p>\n<p>Kal\u0117jim\u0173 sargybini\u0173 korpuso vad\u0173 asociacijos (ASCCGP) prezidentas Herm\u00ednio Barradas apib\u016bdino grup\u0119 kaip \u201egerai apr\u016bpint\u0105\u201c ir \u201ery\u017eting\u0105\u201c, ta\u010diau kaltino saugumo tr\u016bkumus.<\/p>\n<p>Jis sak\u0117: &#8222;Devynerius metus nebuvo steb\u0117jimo bok\u0161t\u0173. Kameros visk\u0105 filmavo, bet reaguoti nebuvo galimyb\u0117s, nes tr\u016bko kal\u0117jimo pri\u017ei\u016br\u0117toj\u0173&#8221;.<\/p>\n<p>Tiek ASCCGP, tiek SNCGP kal\u0117jim\u0173 profesini\u0173 s\u0105jung\u0173 duomenimis, daugiau nei 500 kalini\u0173 pri\u017ei\u016br\u0117jo 20 sargybini\u0173 \u2013 pus\u0117 to, ko paprastai tikimasi.<\/p>\n<p>Portugalijos reintegracijos ir kal\u0117jim\u0173 tarnyb\u0173 generalinis direktorius Rui Abrunhosa tai gin\u010dijo, teigdamas, kad budi 33 darbuotojai, o sargybiniai pasteb\u0117jo pab\u0117gim\u0105 tik tada, kai kaliniai tur\u0117jo gr\u012f\u017eti \u012f savo kameras, tod\u0117l buvo v\u0117luojama \u012fsp\u0117ti i\u0161or\u0117s institucijas. .<\/p>\n<p>Portugalijos kal\u0117jim\u0173 tarnybos prane\u0161ime teigiama, kad buvo prad\u0117tas vidinis tyrimas.<\/p>\n<\/p><\/div>\n<p><br \/>\n<br \/><a href=\"https:\/\/news.sky.com\/story\/very-dangerous-british-prisoner-among-five-inmates-to-escape-from-high-security-jail-in-portugal-13211479\">Source link <\/a><\/p>\n","protected":false},"excerpt":{"rendered":"<p>\u201eLabai pavojingas\u201c brit\u0173 kalinys yra tarp penki\u0173 kalini\u0173, pab\u0117gusi\u0173 i\u0161 grie\u017eto re\u017eimo kal\u0117jimo Portugalijoje. 39 met\u0173 Markas Cameronas Roscaleeris atliko devyneri\u0173 met\u0173 bausm\u0119 u\u017e pagrobim\u0105 ir apipl\u0117\u0161im\u0105 Vale de Judeus kal\u0117jime, esan\u010diame ma\u017edaug 43 myli\u0173 (70 km) \u012f \u0161iaur\u0119 nuo Lisabonos. Pasak Portugalijos kal\u0117jim\u0173 tarnybos (DGRSP), penki vyrai, kuri\u0173 am\u017eius nuo 33 iki 61 met\u0173, [&hellip;]<\/p>\n","protected":false},"author":1,"featured_media":337,"comment_status":"open","ping_status":"open","sticky":false,"template":"","format":"standard","meta":{"om_disable_all_campaigns":false,"_monsterinsights_skip_tracking":false,"_monsterinsights_sitenote_active":false,"_monsterinsights_sitenote_note":"","_monsterinsights_sitenote_category":0,"footnotes":""},"categories":[3],"tags":[186,192,191,194,187,184,31,190,30,185,189,195,193,188],"class_list":["post-336","post","type-post","status-publish","format-standard","has-post-thumbnail","hentry","category-pasaulio-zinios","tag-britu","tag-griezto","tag-is","tag-kalejimo","tag-kalinys","tag-labai","tag-naujienos","tag-pabegusiu","tag-pasaulio","tag-pavojingas","tag-penkiu","tag-portugalijoje","tag-rezimo","tag-tarp"],"aioseo_notices":[],"_links":{"self":[{"href":"https:\/\/www.ziniulaisve.lt\/index.php\/wp-json\/wp\/v2\/posts\/336","targetHints":{"allow":["GET"]}}],"collection":[{"href":"https:\/\/www.ziniulaisve.lt\/index.php\/wp-json\/wp\/v2\/posts"}],"about":[{"href":"https:\/\/www.ziniulaisve.lt\/index.php\/wp-json\/wp\/v2\/types\/post"}],"author":[{"embeddable":true,"href":"https:\/\/www.ziniulaisve.lt\/index.php\/wp-json\/wp\/v2\/users\/1"}],"replies":[{"embeddable":true,"href":"https:\/\/www.ziniulaisve.lt\/index.php\/wp-json\/wp\/v2\/comments?post=336"}],"version-history":[{"count":0,"href":"https:\/\/www.ziniulaisve.lt\/index.php\/wp-json\/wp\/v2\/posts\/336\/revisions"}],"wp:featuredmedia":[{"embeddable":true,"href":"https:\/\/www.ziniulaisve.lt\/index.php\/wp-json\/wp\/v2\/media\/337"}],"wp:attachment":[{"href":"https:\/\/www.ziniulaisve.lt\/index.php\/wp-json\/wp\/v2\/media?parent=336"}],"wp:term":[{"taxonomy":"category","embeddable":true,"href":"https:\/\/www.ziniulaisve.lt\/index.php\/wp-json\/wp\/v2\/categories?post=336"},{"taxonomy":"post_tag","embeddable":true,"href":"https:\/\/www.ziniulaisve.lt\/index.php\/wp-json\/wp\/v2\/tags?post=336"}],"curies":[{"name":"wp","href":"https:\/\/api.w.org\/{rel}","templated":true}]}}