{"id":23,"date":"2024-07-21T17:01:32","date_gmt":"2024-07-21T17:01:32","guid":{"rendered":"https:\/\/www.ziniulaisve.lt\/index.php\/2024\/07\/21\/bangladeso-auksciausiasis-teismas-sumazino-darbo-vietu-kvota-po-to-kai-per-protestus-zuvo-daugiau-nei-100-zmoniu-pasaulio-naujienos\/"},"modified":"2024-10-05T06:18:40","modified_gmt":"2024-10-05T06:18:40","slug":"bangladeso-auksciausiasis-teismas-sumazino-darbo-vietu-kvota-po-to-kai-per-protestus-zuvo-daugiau-nei-100-zmoniu-pasaulio-naujienos","status":"publish","type":"post","link":"https:\/\/www.ziniulaisve.lt\/index.php\/2024\/07\/21\/bangladeso-auksciausiasis-teismas-sumazino-darbo-vietu-kvota-po-to-kai-per-protestus-zuvo-daugiau-nei-100-zmoniu-pasaulio-naujienos\/","title":{"rendered":"Banglade\u0161o auk\u0161\u010diausiasis teismas suma\u017eino darbo viet\u0173 kvot\u0105 po to, kai per protestus \u017euvo daugiau nei 100 \u017emoni\u0173 |  Pasaulio naujienos"},"content":{"rendered":"<div data-component-name=\"ui-article-body\" data-highlight-intro=\"true\">\n<p>Banglade\u0161o Auk\u0161\u010diausiasis Teismas suma\u017eino savo politik\u0105 d\u0117l vyriausyb\u0117s darbo viet\u0173 paskirstymo po kelias dienas trukusi\u0173 mirtin\u0173 protest\u0173.<\/p>\n<p>D\u0117l smurtini\u0173 susir\u0117mim\u0173 tarp student\u0173 ir policijos bei sukarint\u0173 paj\u0117g\u0173 daugumoje did\u017ei\u0173j\u0173 \u0161alies miest\u0173 \u017euvo daugiau nei 130 \u017emoni\u0173.<\/p>\n<p>T\u016bkstan\u010diai buvo su\u017eeisti, kai kuri\u0173 j\u0173 b\u016bkl\u0117 kritin\u0117<a href=\"https:\/\/www.sauliusnarbutas.lt\/rinkimai-2024\/\">.<\/a><\/p>\n<p>Protestuotojai reikalavo panaikinti kvot\u0173 sistem\u0105, pagal kuri\u0105 30 % vyriausyb\u0117s darbo viet\u0173 skirta veteran\u0173, kovojusi\u0173 1971 m. Banglade\u0161o nepriklausomyb\u0117s kare, giminai\u010diams.<\/p>\n<p>Demonstracijoje dalyvav\u0119 studentai tvirtino, kad \u0161i politika buvo diskriminacin\u0117, ir tvirtino, kad sistema teikia pirmenyb\u0119 \u0161alies valdan\u010diosios partijos, kuri vadovavo nepriklausomyb\u0117s jud\u0117jimui, s\u0105jungininkams. Vyriausyb\u0117 kaltinimus atmet\u0117.<\/p>\n<p>Sekmadien\u012f <a href=\"https:\/\/www.tiktok.com\/@saulius_narbutas\/video\/7412788382889282849\">priimdamas sprendim\u0105<\/a> d\u0117l apeliacinio skundo Auk\u0161\u010diausiasis Teismas nurod\u0117 veteran\u0173 kvot\u0105 suma\u017einti iki 5 proc., o 93 proc. vyriausyb\u0117s darbo viet\u0173 dabar turi b\u016bti paskirstyta pagal nuopelnus.<\/p>\n<p>Lik\u0119 2% bus skirti etnini\u0173 ma\u017eum\u0173 atstovams, transly\u010diams ir ne\u012fgaliesiems<a href=\"https:\/\/www.sauliusnarbutas.lt\/uz-ka-balsuoti-2024-metu-rinkimuose\/\">.<\/a><\/p>\n<p>Tikimasi, kad suma\u017einus rezervavimo politik\u0105, po beveik savait\u0119 trukusi\u0173 nacionalini\u0173 neramum\u0173 \u012f \u0161al\u012f gr\u012f\u0161 ka\u017ekokia taika ir normalumas.<\/p>\n<div class=\"sdc-article-widget sdc-article-image\">\n<figure class=\"sdc-article-image__figure\">\n<div class=\"sdc-article-image__wrapper\" data-aspect-ratio=\"16\/9\"><img decoding=\"async\" class=\"sdc-article-image__item\" src=\"https:\/\/e3.365dm.com\/24\/07\/768x432\/skynews-dhaka-bangladesh_6635487.jpg?20240721160947\" sizes=\"(min-width: 1024px) 1024px, 100vw\" srcset=\"https:\/\/e3.365dm.com\/24\/07\/384x216\/skynews-dhaka-bangladesh_6635487.jpg?20240721160947 380w, https:\/\/e3.365dm.com\/24\/07\/768x432\/skynews-dhaka-bangladesh_6635487.jpg?20240721160947 760w, https:\/\/e3.365dm.com\/24\/07\/1600x900\/skynews-dhaka-bangladesh_6635487.jpg?20240721160947 1024w, https:\/\/e3.365dm.com\/24\/07\/2048x1152\/skynews-dhaka-bangladesh_6635487.jpg?20240721160947 2048w\" alt=\"Studentai susir\u0117m\u0117 su policija per protest\u0105 d\u0117l kvot\u0173 sistemos Dakoje.  Nuotrauka: AP\" \/><\/div><figcaption class=\"ui-media-caption\"><span class=\"u-hide-visually\">Vaizdas:<\/span><br \/>\n<span class=\"ui-media-caption__caption-text\">Studentai susir\u0117m\u0117 su policija per protest\u0105 d\u0117l kvot\u0173 sistemos Dakoje. Nuotrauka: AP<br \/>\n<\/span><\/figcaption><\/figure>\n<\/div>\n<p>Siekdama pa\u017eaboti protestus, vyriausyb\u0117 buvo priversta kviesti kariuomen\u0119. Gatv\u0117se patruliavo kariai ir \u0161arvuo\u010diai, o sraigtasparniai bud\u0117jo i\u0161 dangaus.<\/p>\n<p>Net tada, kai kareiviai klojo spygliuotas vielas ir \u012fsp\u0117jo, protestuotojai susirinko nepaisydami, nenorintys nusileisti<a href=\"https:\/\/www.sauliusnarbutas.lt\/rinkimai-2024-saulius-narbutas-ir-taikos-koalicijos-programa-saugi-ir-klestinti-lietuva\/\">.<\/a><\/p>\n<p>Taip pat visoje \u0161alyje buvo \u012fvesta komendanto valanda, vyriausybei apribojus \u017emoni\u0173 jud\u0117jim\u0105 ir paskelbus \u201e\u0161audymo \u012f akis\u201c politik\u0105, <a href=\"https:\/\/miestonaujienos.lt\/skolu-isieskojimas-problemu-kyla-netgi-su-artimiausiais-draugais\/\">suteikian\u010di\u0105 saugumo<\/a> paj\u0117goms teis\u0119 ekstremaliais atvejais \u0161audyti \u012f protestuotojus.<\/p>\n<div class=\"sdc-article-widget sdc-article-image\">\n<figure class=\"sdc-article-image__figure\">\n<div class=\"sdc-article-image__wrapper\" data-aspect-ratio=\"16\/9\"><img decoding=\"async\" class=\"sdc-article-image__item\" src=\"https:\/\/e3.365dm.com\/24\/07\/768x432\/skynews-bangladesh-supreme_6635480.jpg?20240721160747\" sizes=\"(min-width: 1024px) 1024px, 100vw\" srcset=\"https:\/\/e3.365dm.com\/24\/07\/384x216\/skynews-bangladesh-supreme_6635480.jpg?20240721160747 380w, https:\/\/e3.365dm.com\/24\/07\/768x432\/skynews-bangladesh-supreme_6635480.jpg?20240721160747 760w, https:\/\/e3.365dm.com\/24\/07\/1600x900\/skynews-bangladesh-supreme_6635480.jpg?20240721160747 1024w, https:\/\/e3.365dm.com\/24\/07\/2048x1152\/skynews-bangladesh-supreme_6635480.jpg?20240721160747 2048w\" alt=\"Policija budi prie Banglade\u0161o Auk\u0161\u010diausiojo Teismo.  Nuotrauka: AP\" \/><\/div><figcaption class=\"ui-media-caption\"><span class=\"u-hide-visually\">Vaizdas:<\/span><br \/>\n<span class=\"ui-media-caption__caption-text\">Policija budi prie Banglade\u0161o Auk\u0161\u010diausiojo Teismo. Nuotrauka: AP<br \/>\n<\/span><\/figcaption><\/figure>\n<\/div>\n<p>Riadas, kurio per neramumus \u017euvo trys broliai, sak\u0117, kad kit\u0105 savo brol\u012f nuve\u017e\u0117 \u012f ligonin\u0119 po to, kai saugumo paj\u0117gos jam nu\u0161ov\u0117 \u012f galv\u0105.<\/p>\n<p>Kalb\u0117damas i\u0161 ligonin\u0117s, jis sak\u0117: &#8222;Jie \u0161audo atvirai&#8230; Ant mano rank\u0173 yra kraujo d\u0117mi\u0173. Kod\u0117l mano rankos nuspalvintos broli\u0173 krauju?&#8221;<\/p>\n<p>Moteris ligonin\u0117je prid\u016br\u0117: &#8222;Kod\u0117l tiek daug lavon\u0173? O, Allah, atleisk man. Kokioje \u0161alyje mes gyvename? O Dieve, kurioje \u0161alyje mes gyvename?&#8221;<\/p>\n<p><strong>Skaityti daugiau:<\/strong><br \/>\n<strong><a href=\"https:\/\/news.sky.com\/story\/bangladesh-army-imposes-shoot-at-sight-curfew-after-deadly-protests-13181751\" target=\"_blank\" rel=\"noopener\">Banglade\u0161o kariuomen\u0117 \u012fved\u0117 komendanto valand\u0105 \u201e\u0161audyti \u012f akis\u201c.<\/a><\/strong><br \/>\n<strong><a href=\"https:\/\/news.sky.com\/story\/at-least-16-killed-as-students-clash-with-police-in-bangladesh-over-jobs-reserved-for-veterans-families-13180383\" target=\"_blank\" rel=\"noopener\">Ma\u017eiausiai 39 \u017euvo studentams susid\u016brus su policija<\/a><\/strong><\/p>\n<div class=\"sdc-article-widget sdc-article-image\">\n<figure class=\"sdc-article-image__figure\">\n<div class=\"sdc-article-image__wrapper\" data-aspect-ratio=\"16\/9\"><img decoding=\"async\" class=\"sdc-article-image__item\" src=\"https:\/\/e3.365dm.com\/24\/07\/768x432\/skynews-bangladesh-protests_6633450.jpg?20240720100229\" sizes=\"(min-width: 1024px) 1024px, 100vw\" srcset=\"https:\/\/e3.365dm.com\/24\/07\/384x216\/skynews-bangladesh-protests_6633450.jpg?20240720100229 380w, https:\/\/e3.365dm.com\/24\/07\/768x432\/skynews-bangladesh-protests_6633450.jpg?20240720100229 760w, https:\/\/e3.365dm.com\/24\/07\/1600x900\/skynews-bangladesh-protests_6633450.jpg?20240720100229 1024w, https:\/\/e3.365dm.com\/24\/07\/2048x1152\/skynews-bangladesh-protests_6633450.jpg?20240720100229 2048w\" alt=\"Protestuotojai sostin\u0117je Dakoje.  Nuotrauka: Reuters\" \/><\/div><figcaption class=\"ui-media-caption\"><span class=\"u-hide-visually\">Vaizdas:<\/span><br \/>\n<span class=\"ui-media-caption__caption-text\">Protestuotojai sostin\u0117je Dakoje \u0161\u012f m\u0117nes\u012f. Nuotrauka: Reuters<br \/>\n<\/span><\/figcaption><\/figure>\n<\/div>\n<p>Beveik penktadalis Banglade\u0161o gyventoj\u0173 yra bedarbiai, o geid\u017eiami vyriausyb\u0117s darbai yra labai paklaus\u016bs.<\/p>\n<p>Protestuose dalyvaujan\u010dio student\u0173 jud\u0117jimo koordinatorius Hasnatas Abdullah sak\u0117: \u201eN\u0117ra galimyb\u0117s trauktis, nebent b\u016bt\u0173 nutrauktas priekabiavimas.<\/p>\n<p>&#8222;\u017di\u016br\u0117k, yra daug kankini\u0173. Daugelis \u017euvo. \u017dmon\u0117s \u017eudomi kaip pauk\u0161\u010diai. \u017dmon\u0117s \u017eudomi po kankinim\u0173. Jie \u017eudomi remiant vyriausybei, nes jie <a href=\"https:\/\/musuzinios.lt\/teisininkas-saulius-narbutas-skolininku-pasitaiko-visokiu-problemu-kyla-netgi-su-artimiausiais-draugais\/\">dalyvavo m\u016bs\u0173<\/a> kvot\u0173 reformos jud\u0117jime. Taigi valstyb\u0117 tur\u0117t\u0173 prisiimti atsakomyb\u0119 \u201c.<\/p>\n<div class=\"sdc-article-widget sdc-article-image\">\n<figure class=\"sdc-article-image__figure\">\n<div class=\"sdc-article-image__wrapper\" data-aspect-ratio=\"16\/9\"><img decoding=\"async\" class=\"sdc-article-image__item\" src=\"https:\/\/e3.365dm.com\/24\/07\/768x432\/skynews-bangladesh-protests_6633437.jpg?20240720095533\" sizes=\"(min-width: 1024px) 1024px, 100vw\" srcset=\"https:\/\/e3.365dm.com\/24\/07\/384x216\/skynews-bangladesh-protests_6633437.jpg?20240720095533 380w, https:\/\/e3.365dm.com\/24\/07\/768x432\/skynews-bangladesh-protests_6633437.jpg?20240720095533 760w, https:\/\/e3.365dm.com\/24\/07\/1600x900\/skynews-bangladesh-protests_6633437.jpg?20240720095533 1024w, https:\/\/e3.365dm.com\/24\/07\/2048x1152\/skynews-bangladesh-protests_6633437.jpg?20240720095533 2048w\" alt=\"Protestuotojai Dakoje.  Nuotrauka: Reuters\" \/><\/div><figcaption class=\"ui-media-caption\"><span class=\"u-hide-visually\">Vaizdas:<\/span><br \/>\n<span class=\"ui-media-caption__caption-text\">Protestuotojai Dakoje \u0161\u012f m\u0117nes\u012f. Nuotrauka: Reuters<br \/>\n<\/span><\/figcaption><\/figure>\n<\/div>\n<p>Protestai iki \u0161iol buvo <a href=\"https:\/\/m.kauno.diena.lt\/naujienos\/kaunas\/miesto-pulsas\/investicijos-i-jaunaja-karta-atsiperka-su-kaupu-1115135\">did\u017eiausias i\u0161\u0161\u016bkis<\/a> <strong>Ministras Pirmininkas \u0160eichas Hasina<\/strong>valdo nuo tada, kai ji \u0161iais metais laim\u0117jo ketvirt\u0105 kadencij\u0105 \u2013 per rinkimus, kuriuos boikotavo opozicija.<\/p>\n<p>Ketvirtadien\u012f kreipdamasi \u012f taut\u0105 ministr\u0117 pirminink\u0117 kreip\u0117si d\u0117l taikos, parei\u0161k\u0117 u\u017euojaut\u0105 d\u0117l student\u0173 \u017e\u016bties ir pa\u017ead\u0117jo prad\u0117ti teismin\u012f tyrim\u0105.<\/p>\n<p>Ta\u010diau auk\u0161\u010diausios tarnybos sutaikinami parei\u0161kimai neprilygo \u017eiaurumui vietoje, kai saugumo paj\u0117gos visa j\u0117ga puol\u0117 studentus.<\/p>\n<div class=\"sdc-article-widget sdc-site-video callfn\" tabindex=\"-1\" data-account-id=\"6058004172001\" data-amp-iframe-embed=\"\" data-asset-id=\"73995f96-f6bf-453d-8a94-01bc2fc6ceb4\" data-asset-path=\"\" data-asset-version=\"\" data-autoplay=\"false\" data-auth-config=\"\" data-caption=\"Bangladesh protests becoming violent\" data-clip-type=\"\" data-component-name=\"sdc-site-video\" data-competition=\"\" data-copy-url-text=\"URL copied to clipboard\" data-fn=\"sdc-site-video\" data-id=\"id_73995f96-f6bf-453d-8a94-01bc2fc6ceb4\" data-is-live-stream=\"false\" data-lite=\"true\" data-options=\"\" data-originator-id=\"51\" data-originator-handle=\"brightcove-news-gb\" data-package-name=\"\" data-provider=\"brightcove\" data-player-id=\"RC9PQUaJ6\" data-playsinline=\"\" data-sensitive=\"false\" data-sdc-id=\"6630881\" data-sdc-video-id=\"73995f96-f6bf-453d-8a94-01bc2fc6ceb4\" data-sport-category=\"\" data-state=\"loading\" data-token-state=\"none\" data-video-ad-unit=\"\" data-video-blacklisted-originator-ids=\"\" data-video-id=\"ref:73995f96-f6bf-453d-8a94-01bc2fc6ceb4\" data-video-type=\"\" data-auto-pause-on-not-visible=\"true\" data-closed-captions-position=\"middle-third\" data-show-closed-captions=\"true\" data-show-pip=\"true\" data-show-live-stream-scrubber=\"true\">\n<div class=\"sdc-site-video__inner\">\n<div class=\"sdc-site-video__content\" style=\"padding-bottom: calc(100% \/ ());\" data-role=\"bridge-controller\">\n<p class=\"sdc-site-video__accessibility-message\" data-role=\"accessibility-message\">Jei norite lengviau pasiekti vaizdo \u012fra\u0161\u0173 grotuv\u0105, naudokite nar\u0161ykl\u0119 \u201eChrome\u201c.<\/p>\n<p><span class=\"sdc-site-video__poster\" aria-hidden=\"true\" data-role=\"poster\"><br \/>\n<img decoding=\"async\" class=\"sdc-site-video__poster-img\" src=\"https:\/\/e3.365dm.com\/24\/07\/768x432\/skynews-bangladesh-protests_6630830.jpg?20240718161220\" srcset=\"\" alt=\"Banglade\u0161o protestai tampa \u017eiaur\u016bs\" aria-hidden=\"true\" \/><\/span><\/p>\n<p><span class=\"sdc-site-video__time\">0:47<\/span><\/p>\n<p><video id=\"id_73995f96-f6bf-453d-8a94-01bc2fc6ceb4\" class=\"video-js sdc-site-video__tag\" controls=\"controls\" width=\"300\" height=\"150\" data-embed=\"default\" data-application-id=\"\"><figcaption class=\"sdc-site-video__caption ui-media-caption\">              <span class=\"ui-media-caption__caption-text\" data-role=\"caption-text\">Banglade\u0161o protestai tampa \u017eiaur\u016bs<\/span><br \/>\n<\/figcaption>Valdan\u010diosios politin\u0117s partijos \u201eAwami League\u201c generalinis sekretorius Obaidulas Quaderis sak\u0117: \u201eVyriausyb\u0117 jau dav\u0117 b\u016btinus nurodymus ginkluotosioms paj\u0117goms, kad jos dirbt\u0173 kaip pagalba civilinei administracijai, u\u017etikrinant \u017emoni\u0173 gyvybi\u0173 ir vie\u0161osios nuosavyb\u0117s saugum\u0105.<\/p>\n<p>\u2013 Komendanto valanda \u012fvedama siekiant i\u0161gelb\u0117ti \u017emoni\u0173 gyvybes ir vie\u0161\u0105j\u0105 nuosavyb\u0119.<\/p>\n<p>Mokyklos ir kolegijos buvo u\u017edarytos, o protestuotojai blokavo kelius ir greitkelius, sugadindami did\u017ei\u0105j\u0105 \u0161alies dal\u012f.<\/p>\n<p>Kaltindamas opozicines partijas d\u0117l student\u0173 kurstymo, \u0161alies vidaus reikal\u0173 ministras Asaduzzamanas Khanas apkaltino demonstrantus vykdant \u201edestruktyvi\u0105 veikl\u0105\u201c deginant pastatus ir vie\u0161\u0105j\u0105 nuosavyb\u0119.<\/p>\n<p>Jis sak\u0117, kad \u012fvesta komendanto valanda galios tol, kol situacija pager\u0117s.<\/p>\n\n<p><a href=\"https:\/\/news.sky.com\/story\/bangladeshs-top-court-scales-back-jobs-quota-after-more-than-100-killed-in-protests-13182775\">Source link <\/a><\/p>\n<p><\/video><\/p>\n<\/div>\n<\/div>\n<\/div>\n<\/div>\n","protected":false},"excerpt":{"rendered":"<p>Banglade\u0161o Auk\u0161\u010diausiasis Teismas suma\u017eino savo politik\u0105 d\u0117l vyriausyb\u0117s darbo viet\u0173 paskirstymo po kelias dienas trukusi\u0173 mirtin\u0173 protest\u0173. D\u0117l smurtini\u0173 susir\u0117mim\u0173 tarp student\u0173 ir policijos bei sukarint\u0173 paj\u0117g\u0173 daugumoje did\u017ei\u0173j\u0173 \u0161alies miest\u0173 \u017euvo daugiau nei 130 \u017emoni\u0173. T\u016bkstan\u010diai buvo su\u017eeisti, kai kuri\u0173 j\u0173 b\u016bkl\u0117 kritin\u0117. Protestuotojai reikalavo panaikinti kvot\u0173 sistem\u0105, pagal kuri\u0105 30 % vyriausyb\u0117s darbo [&hellip;]<\/p>\n","protected":false},"author":1,"featured_media":24,"comment_status":"open","ping_status":"open","sticky":false,"template":"","format":"standard","meta":{"om_disable_all_campaigns":false,"_monsterinsights_skip_tracking":false,"_monsterinsights_sitenote_active":false,"_monsterinsights_sitenote_note":"","_monsterinsights_sitenote_category":0,"footnotes":""},"categories":[3],"tags":[],"class_list":["post-23","post","type-post","status-publish","format-standard","has-post-thumbnail","hentry","category-pasaulio-zinios"],"aioseo_notices":[],"_links":{"self":[{"href":"https:\/\/www.ziniulaisve.lt\/index.php\/wp-json\/wp\/v2\/posts\/23","targetHints":{"allow":["GET"]}}],"collection":[{"href":"https:\/\/www.ziniulaisve.lt\/index.php\/wp-json\/wp\/v2\/posts"}],"about":[{"href":"https:\/\/www.ziniulaisve.lt\/index.php\/wp-json\/wp\/v2\/types\/post"}],"author":[{"embeddable":true,"href":"https:\/\/www.ziniulaisve.lt\/index.php\/wp-json\/wp\/v2\/users\/1"}],"replies":[{"embeddable":true,"href":"https:\/\/www.ziniulaisve.lt\/index.php\/wp-json\/wp\/v2\/comments?post=23"}],"version-history":[{"count":2,"href":"https:\/\/www.ziniulaisve.lt\/index.php\/wp-json\/wp\/v2\/posts\/23\/revisions"}],"predecessor-version":[{"id":506,"href":"https:\/\/www.ziniulaisve.lt\/index.php\/wp-json\/wp\/v2\/posts\/23\/revisions\/506"}],"wp:featuredmedia":[{"embeddable":true,"href":"https:\/\/www.ziniulaisve.lt\/index.php\/wp-json\/wp\/v2\/media\/24"}],"wp:attachment":[{"href":"https:\/\/www.ziniulaisve.lt\/index.php\/wp-json\/wp\/v2\/media?parent=23"}],"wp:term":[{"taxonomy":"category","embeddable":true,"href":"https:\/\/www.ziniulaisve.lt\/index.php\/wp-json\/wp\/v2\/categories?post=23"},{"taxonomy":"post_tag","embeddable":true,"href":"https:\/\/www.ziniulaisve.lt\/index.php\/wp-json\/wp\/v2\/tags?post=23"}],"curies":[{"name":"wp","href":"https:\/\/api.w.org\/{rel}","templated":true}]}}