{"id":1760,"date":"2025-02-01T22:52:00","date_gmt":"2025-02-01T22:52:00","guid":{"rendered":"https:\/\/www.ziniulaisve.lt\/index.php\/2025\/02\/01\/kunai-gatvese-nes-morgai-virsija-pajegumus-po-700-nuzudytu-vos-per-keturias-dienas-kovojant-su-goma-kongo-mieste-pasaulio-naujienos\/"},"modified":"2025-02-01T22:52:00","modified_gmt":"2025-02-01T22:52:00","slug":"kunai-gatvese-nes-morgai-virsija-pajegumus-po-700-nuzudytu-vos-per-keturias-dienas-kovojant-su-goma-kongo-mieste-pasaulio-naujienos","status":"publish","type":"post","link":"https:\/\/www.ziniulaisve.lt\/index.php\/2025\/02\/01\/kunai-gatvese-nes-morgai-virsija-pajegumus-po-700-nuzudytu-vos-per-keturias-dienas-kovojant-su-goma-kongo-mieste-pasaulio-naujienos\/","title":{"rendered":"K\u016bnai gatv\u0117se, nes morgai vir\u0161ija paj\u0117gumus, po 700 nu\u017eudyt\u0173 vos per keturias dienas kovojant su Goma Kongo mieste | Pasaulio naujienos"},"content":{"rendered":"<p> <br \/>\n<\/p>\n<div data-component-name=\"ui-article-body\" data-highlight-intro=\"true\">\n<p>\u0160i\u0105 savait\u0119 kovojant Kongo Demokratin\u0117je Respublikoje \u017euvo daugiau nei 700 \u017emoni\u0173, sak\u0117 JT.<\/p>\n<p>Kongo sveikatos apsaugos ministerija \u0161e\u0161tadien\u012f teig\u0117, kad po neseniai \u012fvykusi\u0173 Ryt\u0173 miesto sukil\u0117li\u0173, kurie u\u017egrob\u0117 Ryt\u0173 miest\u0105, ligonin\u0117se Morgues&#8217;e ir apylink\u0117se buvo 773 k\u016bnai.<\/p>\n<p>Ministerija prid\u016br\u0117, kad gatv\u0117je gul\u0117jo daugiau k\u016bn\u0173, po to, kai apylink\u0117se esantys Morgues vir\u0161ijo j\u0173 paj\u0117gumus.<\/p>\n<p>JT dalijosi pana\u0161iais skai\u010diais ir prid\u016br\u0117, kad manoma, kad apie 2800 \u017emoni\u0173 buvo su\u017eeisti Gomos rajone sausio 26\u201330 d.<\/p>\n<div class=\"sdc-article-widget sdc-site-video callfn\" data-account-id=\"6058004172001\" data-amp-iframe-embed=\"\" data-asset-id=\"08b23b30-5955-46c3-bc7c-9b715400c87e\" data-asset-path=\"\" data-asset-version=\"\" data-autoplay=\"false\" data-auth-config=\"\" data-caption=\"Watch: Sky News team attacked in Congo\" data-clip-type=\"\" data-component-name=\"sdc-site-video\" data-component-name-alias=\"ui-sitewide-video\" data-competition=\"\" data-copy-url-text=\"URL copied to clipboard\" data-fn=\"sdc-site-video\" data-id=\"id_08b23b30-5955-46c3-bc7c-9b715400c87e\" data-is-live-stream=\"false\" data-lite=\"true\" data-options=\"\" data-originator-id=\"51\" data-originator-handle=\"brightcove-news-gb\" data-package-name=\"\" data-provider=\"brightcove\" data-player-id=\"yjBoKQ5XA\" data-playsinline=\"\" data-sensitive=\"false\" data-sdc-id=\"6811015\" data-sdc-video-id=\"08b23b30-5955-46c3-bc7c-9b715400c87e\" data-sport-category=\"\" data-state=\"loading\" data-token-state=\"none\" data-video-ad-unit=\"\" data-video-blacklisted-originator-ids=\"\" data-video-id=\"ref:08b23b30-5955-46c3-bc7c-9b715400c87e\" data-video-type=\"\" data-auto-pause-on-not-visible=\"true\" tabindex=\"-1\" data-closed-captions-position=\"middle-third\" data-show-closed-captions=\"true\" data-show-pip=\"true\" data-show-live-stream-scrubber=\"true\" data-autoload=\"false\">\n<div class=\"sdc-site-video__inner\">\n<div class=\"sdc-site-video__content\" data-role=\"bridge-controller\" style=\"padding-bottom: calc(100% \/ ());\">\n<p class=\"sdc-site-video__accessibility-message\" data-role=\"accessibility-message\">Nor\u0117dami gauti labiau prieinam\u0105 vaizdo grotuv\u0105, naudokite \u201eChrome\u201c nar\u0161ykl\u0119<\/p>\n<p>              <span aria-hidden=\"true\" data-role=\"poster\" class=\"sdc-site-video__poster\"><br \/>\n                <br \/>\n              <span class=\"sdc-site-video__loader\"\/><br \/>\n                <span class=\"sdc-site-video__time\">3:41<\/span><br \/>\n              <\/span><\/p>\n<p>              <video id=\"id_08b23b30-5955-46c3-bc7c-9b715400c87e\" data-embed=\"default\" data-application-id=\"\" class=\"video-js sdc-site-video__tag\" controls=\"\" playsinline=\"\"\/>\n            <\/div><figcaption class=\"sdc-site-video__caption ui-media-caption\">\n<p>              <span class=\"ui-media-caption__caption-text\" data-role=\"caption-text\">\u017di\u016br\u0117ti: \u201eSky News\u201c komanda u\u017epuol\u0117 Konge<\/span><br \/>\n            <\/figcaption><\/div>\n<\/p><\/div>\n<p>Kongo kova buvo kovojama tarp Ruandos remiam\u0173 sukil\u0117li\u0173 ir vyriausyb\u0117s paj\u0117g\u0173.<\/p>\n<p>Neseniai <strong>M23 sukil\u0117liai per\u0117m\u0117 GOMA kontrol\u0119<\/strong> &#8211; Did\u017eiausias Ryt\u0173 Kongo miestas ir \u0160iaur\u0117s Kivu provincijos sostin\u0117, kurioje gyvena pelningas aukso, Coltano ir alavo kasyklos.<\/p>\n<p>I\u0161ve\u017e\u0119s miest\u0105, buvo sakoma, kad \u201eTutsi\u201c vadovaujami sukil\u0117liai juda link Bukavu, Piet\u0173 Kivu, ta\u010diau, pasirod\u0117, penktadien\u012f sulaik\u0117 Kongo kariuomen\u0119, kuri\u0105 palaik\u0117 Burund\u017eio armija.<\/p>\n<p><strong>Skaitykite daugiau apie Kongo kriz\u0119:<br \/>Liudytojas: baim\u0117s Gomoje po sukil\u0117li\u0173 pa\u017eangos<\/strong><br \/><strong>Paai\u0161kinta: Kod\u0117l kovoja ir yra Ruandos \u012fsibrov\u0117lis?<\/strong><\/p>\n<div class=\"sdc-article-widget sdc-article-image\">\n<figure class=\"sdc-article-image__figure\">\n<div class=\"sdc-article-image__wrapper\" data-aspect-ratio=\"16\/9\">\n          <img decoding=\"async\" class=\"sdc-article-image__item\" loading=\"lazy\" intrinsicsize=\"768x432\" src=\"https:\/\/e3.365dm.com\/25\/02\/768x432\/skynews-m23-rebels-congo-dcr_6816499.jpg?20250201154712\" srcset=\"https:\/\/e3.365dm.com\/25\/02\/384x216\/skynews-m23-rebels-congo-dcr_6816499.jpg?20250201154712 380w, https:\/\/e3.365dm.com\/25\/02\/768x432\/skynews-m23-rebels-congo-dcr_6816499.jpg?20250201154712 760w, https:\/\/e3.365dm.com\/25\/02\/1600x900\/skynews-m23-rebels-congo-dcr_6816499.jpg?20250201154712 1024w, https:\/\/e3.365dm.com\/25\/02\/2048x1152\/skynews-m23-rebels-congo-dcr_6816499.jpg?20250201154712 2048w\" sizes=\"(min-width: 1024px) 1024px, 100vw\" alt=\"M23 sukil\u0117liai Gomos gatv\u0117se.  Paveiksl\u0117lis: AP\/Brianas Inganga\"\/>\n    <\/div><figcaption class=\"ui-media-caption\">\n        <span class=\"u-hide-visually\">Vaizdas:<\/span><br \/>\n        <span class=\"ui-media-caption__caption-text\">M23 sukil\u0117liai Gomos gatv\u0117se. Paveiksl\u0117lis: AP\/Brianas Inganga<br \/>\n        <\/span><br \/>\n      <\/figcaption><\/figure>\n<\/div>\n<p>Gerai apmokytas ir profesionaliai ginkluotas M23 yra naujausias i\u0161 ilg\u0173 Ruandos palaikom\u0173 sukil\u0117li\u0173 jud\u0117jim\u0173, atsirandan\u010di\u0173 Kongo nepastoviose Ryt\u0173 pasienio kra\u0161tuose po dviej\u0173 i\u0161 eil\u0117s einan\u010di\u0173 kar\u0173, kilusi\u0173 i\u0161 1994 m. Ruandos genocido.<\/p>\n<p>Tai yra pati stipriausia i\u0161 daugiau nei 100 ginkluot\u0173 grupi\u0173, besikreipian\u010di\u0173 \u012f Ryt\u0173 regiono kontrol\u0119.<\/p>\n<div class=\"sdc-article-widget sdc-site-video callfn\" data-account-id=\"6058004172001\" data-amp-iframe-embed=\"\" data-asset-id=\"379ef94b-bdbe-4337-a904-36c760b7ffd1\" data-asset-path=\"\" data-asset-version=\"\" data-autoplay=\"false\" data-auth-config=\"\" data-caption=\"Sky\u2019s Yousra Elbagir reports from Goma, where M23 rebels are now in control\" data-clip-type=\"\" data-component-name=\"sdc-site-video\" data-component-name-alias=\"ui-sitewide-video\" data-competition=\"\" data-copy-url-text=\"URL copied to clipboard\" data-fn=\"sdc-site-video\" data-id=\"id_379ef94b-bdbe-4337-a904-36c760b7ffd1\" data-is-live-stream=\"false\" data-lite=\"true\" data-options=\"\" data-originator-id=\"51\" data-originator-handle=\"brightcove-news-gb\" data-package-name=\"\" data-provider=\"brightcove\" data-player-id=\"yjBoKQ5XA\" data-playsinline=\"\" data-sensitive=\"false\" data-sdc-id=\"6813838\" data-sdc-video-id=\"379ef94b-bdbe-4337-a904-36c760b7ffd1\" data-sport-category=\"\" data-state=\"loading\" data-token-state=\"none\" data-video-ad-unit=\"\" data-video-blacklisted-originator-ids=\"\" data-video-id=\"ref:379ef94b-bdbe-4337-a904-36c760b7ffd1\" data-video-type=\"\" data-auto-pause-on-not-visible=\"true\" tabindex=\"-1\" data-closed-captions-position=\"middle-third\" data-show-closed-captions=\"true\" data-show-pip=\"true\" data-show-live-stream-scrubber=\"true\" data-autoload=\"false\">\n<div class=\"sdc-site-video__inner\">\n<div class=\"sdc-site-video__content\" data-role=\"bridge-controller\" style=\"padding-bottom: calc(100% \/ ());\">\n<p class=\"sdc-site-video__accessibility-message\" data-role=\"accessibility-message\">Nor\u0117dami gauti labiau prieinam\u0105 vaizdo grotuv\u0105, naudokite \u201eChrome\u201c nar\u0161ykl\u0119<\/p>\n<p>              <span aria-hidden=\"true\" data-role=\"poster\" class=\"sdc-site-video__poster\"><br \/>\n                <img decoding=\"async\" loading=\"lazy\" src=\"https:\/\/e3.365dm.com\/25\/01\/768x432\/skynews-drc-congo-mercenaries_6813714.jpg?20250129154743\" alt=\"\u201eSky's Yousra Elbagir\u201c prane\u0161imai i\u0161 Gomos, Kongo Demokratin\u0117s Respublikos, kur &#34; \u0161imtai samdini\u0173 &#34; Ruandos remiamus M23 sukil\u0117lius siun\u010dia \u012f Ruand\u0105.\" srcset=\"\" aria-hidden=\"true\" class=\"sdc-site-video__poster-img\"\/><br \/>\n              <span class=\"sdc-site-video__loader\"\/><br \/>\n                <span class=\"sdc-site-video__time\">2:39<\/span><br \/>\n              <\/span><\/p>\n<p>              <video id=\"id_379ef94b-bdbe-4337-a904-36c760b7ffd1\" data-embed=\"default\" data-application-id=\"\" class=\"video-js sdc-site-video__tag\" controls=\"\" playsinline=\"\"\/>\n            <\/div><figcaption class=\"sdc-site-video__caption ui-media-caption\">\n<p>              <span class=\"ui-media-caption__caption-text\" data-role=\"caption-text\">\u201eSky&#8217;s Yousra Elbagir\u201c prane\u0161imai i\u0161 Gomos, kur dabar kontroliuoja M23 sukil\u0117liai<\/span><br \/>\n            <\/figcaption><\/div>\n<\/p><\/div>\n<p>Centrin\u0117s Afrikos tautos kariuomen\u0117 buvo susilpn\u0117jusi, kai ji prarado \u0161imtus kari\u0173 ir samdini\u0173 kritimo Goma.<\/p>\n<p>Ta\u010diau Kongo kariuomen\u0117 neseniai atgavo Sanzi, Muganzo ir Mukwidja kaimus Piet\u0173 Kivu Kalehe teritorijoje, kuri anks\u010diau \u0161i\u0105 savait\u0119 krito \u012f sukil\u0117lius, teigia du pilietin\u0117s visuomen\u0117s pareig\u016bnai.<\/p>\n<p>JT taikos palaikymo vir\u0161ininkas Jeanas-Pierre&#8217;as Lacroixas teig\u0117, kad M23 ir Ruandos paj\u0117gos buvo ma\u017edaug 37 myli\u0173 (60 km) \u012f \u0161iaur\u0119 nuo Piet\u0173 Kivu provincijos Bukavu sostin\u0117s, \u012fveik\u0119 beveik t\u0105 pat\u012f atstum\u0105 per ankstesnes dvi dienas.<\/p>\n<p>Ponas Lacroixas teig\u0117, kad sukil\u0117liai \u201eatrodo gana greitai juda\u201c ir tur\u0117jo galimyb\u0119 u\u017efiksuoti oro uost\u0105 u\u017e keli\u0173 kilometr\u0173, kuris \u201eb\u016bt\u0173 dar vienas tikrai reik\u0161mingas \u017eingsnis\u201c.<\/p>\n<div class=\"sdc-article-widget sdc-article-image\">\n<figure class=\"sdc-article-image__figure\">\n<div class=\"sdc-article-image__wrapper\" data-aspect-ratio=\"16\/9\">\n          <img decoding=\"async\" class=\"sdc-article-image__item\" loading=\"lazy\" intrinsicsize=\"768x432\" src=\"https:\/\/e3.365dm.com\/25\/02\/768x432\/skynews-congo-drc-goma-rebels_6816501.jpg?20250201154755\" srcset=\"https:\/\/e3.365dm.com\/25\/02\/384x216\/skynews-congo-drc-goma-rebels_6816501.jpg?20250201154755 380w, https:\/\/e3.365dm.com\/25\/02\/768x432\/skynews-congo-drc-goma-rebels_6816501.jpg?20250201154755 760w, https:\/\/e3.365dm.com\/25\/02\/1600x900\/skynews-congo-drc-goma-rebels_6816501.jpg?20250201154755 1024w, https:\/\/e3.365dm.com\/25\/02\/2048x1152\/skynews-congo-drc-goma-rebels_6816501.jpg?20250201154755 2048w\" sizes=\"(min-width: 1024px) 1024px, 100vw\" alt=\"Vyriausyb\u0117s kareiviai ir policijos pareig\u016bnai, kurie pasidav\u0117 \u201eM23 Rebels\u201c sunkve\u017eimiams, \u012f neatskleist\u0105 viet\u0105 Gomoje.  PIC: AP\/Moz\u0117 Sawasawa\"\/>\n    <\/div><figcaption class=\"ui-media-caption\">\n        <span class=\"u-hide-visually\">Vaizdas:<\/span><br \/>\n        <span class=\"ui-media-caption__caption-text\">Vyriausyb\u0117s kareiviai ir policijos pareig\u016bnai, kurie pasidav\u0117 \u201eM23 Rebels\u201c sunkve\u017eimiams, \u012f neatskleist\u0105 viet\u0105 Gomoje. PIC: AP\/Moz\u0117 Sawasawa<br \/>\n        <\/span><br \/>\n      <\/figcaption><\/figure>\n<\/div>\n<p>Gomos konfiskavimas taip pat suk\u0117l\u0117 humanitarin\u0119 kriz\u0119, sak\u0117 JT.<\/p>\n<p>Tai buvo humanitarin\u0117 centras ir buvo gyvybi\u0161kai svarbus daugeliui i\u0161 \u0161e\u0161i\u0173 milijon\u0173 \u017emoni\u0173, kuriuos perk\u0117l\u0117 konfliktas.<\/p>\n<div class=\"sdc-article-widget sdc-article-image\">\n<figure class=\"sdc-article-image__figure\">\n<div class=\"sdc-article-image__wrapper\" data-aspect-ratio=\"16\/9\">\n          <img decoding=\"async\" class=\"sdc-article-image__item\" loading=\"lazy\" intrinsicsize=\"768x432\" src=\"https:\/\/e3.365dm.com\/25\/02\/768x432\/skynews-goma-m23-congo-drc_6816505.jpg?20250201154839\" srcset=\"https:\/\/e3.365dm.com\/25\/02\/384x216\/skynews-goma-m23-congo-drc_6816505.jpg?20250201154839 380w, https:\/\/e3.365dm.com\/25\/02\/768x432\/skynews-goma-m23-congo-drc_6816505.jpg?20250201154839 760w, https:\/\/e3.365dm.com\/25\/02\/1600x900\/skynews-goma-m23-congo-drc_6816505.jpg?20250201154839 1024w, https:\/\/e3.365dm.com\/25\/02\/2048x1152\/skynews-goma-m23-congo-drc_6816505.jpg?20250201154839 2048w\" sizes=\"(min-width: 1024px) 1024px, 100vw\" alt=\"PIC: AP\/Moz\u0117 Sawasawa\"\/>\n    <\/div><figcaption class=\"ui-media-caption\">\n        <span class=\"u-hide-visually\">Vaizdas:<\/span><br \/>\n        <span class=\"ui-media-caption__caption-text\">PIC: AP\/Moz\u0117 Sawasawa<br \/>\n        <\/span><br \/>\n      <\/figcaption><\/figure>\n<\/div>\n<div class=\"sdc-article-widget sdc-article-image\">\n<figure class=\"sdc-article-image__figure\">\n<div class=\"sdc-article-image__wrapper\" data-aspect-ratio=\"16\/9\">\n          <img decoding=\"async\" class=\"sdc-article-image__item\" loading=\"lazy\" intrinsicsize=\"768x432\" src=\"https:\/\/e3.365dm.com\/25\/02\/768x432\/skynews-goma-m23-rebels-congo_6816512.jpg?20250201154946\" srcset=\"https:\/\/e3.365dm.com\/25\/02\/384x216\/skynews-goma-m23-rebels-congo_6816512.jpg?20250201154946 380w, https:\/\/e3.365dm.com\/25\/02\/768x432\/skynews-goma-m23-rebels-congo_6816512.jpg?20250201154946 760w, https:\/\/e3.365dm.com\/25\/02\/1600x900\/skynews-goma-m23-rebels-congo_6816512.jpg?20250201154946 1024w, https:\/\/e3.365dm.com\/25\/02\/2048x1152\/skynews-goma-m23-rebels-congo_6816512.jpg?20250201154946 2048w\" sizes=\"(min-width: 1024px) 1024px, 100vw\" alt=\"Gyventojai vaik\u0161to po apdegusios transporto priemon\u0117s Gomoje.  PIC: AP\/Moz\u0117 Sawasawa\"\/>\n    <\/div><figcaption class=\"ui-media-caption\">\n        <span class=\"u-hide-visually\">Vaizdas:<\/span><br \/>\n        <span class=\"ui-media-caption__caption-text\">Gyventojai vaik\u0161to po apdegusios transporto priemon\u0117s Gomoje. PIC: AP\/Moz\u0117 Sawasawa<br \/>\n        <\/span><br \/>\n      <\/figcaption><\/figure>\n<\/div>\n<p>Rose Tchwenko, Kongo \u201eMercy Corps Aid Group\u201c \u0161alies direktor\u0117, teig\u0117, kad surinkimas l\u0117m\u0117 \u201esustabdym\u0105 ir nutrauk\u0117 gyvybi\u0161kai svarbi\u0105 gelb\u0117jimo linij\u0105, skirt\u0105 pagalbos pristatymui visame Ryt\u0173 Kongo mieste\u201c.<\/p>\n<p>Ji prid\u016br\u0117: &#8222;Smurto eskalavimas Bukavu kyla baim\u0119 d\u0117l dar didesnio perk\u0117limo, o humanitarin\u0117s prieigos suskirstymas palieka i\u0161tisas bendruomenes be paramos&#8221;.<\/p>\n<p>Sukil\u0117liai pa\u017ead\u0117jo \u017eygiuoti vis\u0105 keli\u0105 \u012f Kongo sostin\u0119 Kinshasa, 1000 myli\u0173 (1 600 km) \u012f vakarus.<\/p>\n<div class=\"sdc-article-widget sdc-article-image\">\n<figure class=\"sdc-article-image__figure\">\n<div class=\"sdc-article-image__wrapper\" data-aspect-ratio=\"16\/9\">\n          <img decoding=\"async\" class=\"sdc-article-image__item\" loading=\"lazy\" intrinsicsize=\"768x432\" src=\"https:\/\/e3.365dm.com\/25\/01\/768x432\/skynews-congo-drc-map_6815656.jpg?20250131163356\" srcset=\"https:\/\/e3.365dm.com\/25\/01\/384x216\/skynews-congo-drc-map_6815656.jpg?20250131163356 380w, https:\/\/e3.365dm.com\/25\/01\/768x432\/skynews-congo-drc-map_6815656.jpg?20250131163356 760w, https:\/\/e3.365dm.com\/25\/01\/1600x900\/skynews-congo-drc-map_6815656.jpg?20250131163356 1024w, https:\/\/e3.365dm.com\/25\/01\/2048x1152\/skynews-congo-drc-map_6815656.jpg?20250131163356 2048w\" sizes=\"(min-width: 1024px) 1024px, 100vw\" alt=\"Kongo Demokratin\u0117s Respublikos \u017eem\u0117lapis (KDR), rodantis Goma, Bukavu ir Kinshasa. \"\/>\n    <\/div>\n<\/figure>\n<\/div>\n<div class=\"sdc-article-widget sdc-article-image\">\n<figure class=\"sdc-article-image__figure\">\n<div class=\"sdc-article-image__wrapper\" data-aspect-ratio=\"16\/9\">\n          <img decoding=\"async\" class=\"sdc-article-image__item\" loading=\"lazy\" intrinsicsize=\"768x432\" src=\"https:\/\/e3.365dm.com\/25\/01\/768x432\/skynews-congo-drc-map_6815655.jpg?20250131163325\" srcset=\"https:\/\/e3.365dm.com\/25\/01\/384x216\/skynews-congo-drc-map_6815655.jpg?20250131163325 380w, https:\/\/e3.365dm.com\/25\/01\/768x432\/skynews-congo-drc-map_6815655.jpg?20250131163325 760w, https:\/\/e3.365dm.com\/25\/01\/1600x900\/skynews-congo-drc-map_6815655.jpg?20250131163325 1024w, https:\/\/e3.365dm.com\/25\/01\/2048x1152\/skynews-congo-drc-map_6815655.jpg?20250131163325 2048w\" sizes=\"(min-width: 1024px) 1024px, 100vw\" alt=\"Kongo Demokratin\u0117s Respublikos \u017eem\u0117lapis (KDR), rodanti kaimynines \u0161alis. \"\/>\n    <\/div>\n<\/figure>\n<\/div>\n<p>\u201eRebel Advance\u201c pasi\u017eym\u0117jo \u201eM23\u201c grup\u0117s \u201eMa\u017eiausiai 12 \u017emoni\u0173 egzekucij\u0173 santrauka\u201c, penktadien\u012f sak\u0117 JT \u017emogaus teisi\u0173 biuro atstovas Jeremy Laurence. Penktadien\u012f grup\u0117 taip pat prid\u016br\u0117, kad grup\u0117 taip pat u\u017e\u0117m\u0117 mokyklas ir ligonines, o civiliai gyventoj\u0173 &#8211; \u0161aukimus ir priverstin\u012f darb\u0105.<\/p>\n<p>Kita vertus, Kongo paj\u0117gos buvo apkaltintos seksualiniu smurtu regione, prid\u016br\u0117 ponas Laurence&#8217;as.<\/p>\n<p>Jis sak\u0117, kad JT tikrina prane\u0161imus, kad Kongo kariuomen\u0117 i\u0161prievartavo 52 moteris Piet\u0173 Kivu.<\/p>\n<\/p><\/div>\n<p><br \/>\n<br \/><a href=\"https:\/\/news.sky.com\/story\/bodies-in-streets-as-morgues-exceed-capacity-after-700-killed-in-just-four-days-of-fighting-around-goma-in-congo-13300930\">Source link <\/a><\/p>\n","protected":false},"excerpt":{"rendered":"<p>\u0160i\u0105 savait\u0119 kovojant Kongo Demokratin\u0117je Respublikoje \u017euvo daugiau nei 700 \u017emoni\u0173, sak\u0117 JT. Kongo sveikatos apsaugos ministerija \u0161e\u0161tadien\u012f teig\u0117, kad po neseniai \u012fvykusi\u0173 Ryt\u0173 miesto sukil\u0117li\u0173, kurie u\u017egrob\u0117 Ryt\u0173 miest\u0105, ligonin\u0117se Morgues&#8217;e ir apylink\u0117se buvo 773 k\u016bnai. Ministerija prid\u016br\u0117, kad gatv\u0117je gul\u0117jo daugiau k\u016bn\u0173, po to, kai apylink\u0117se esantys Morgues vir\u0161ijo j\u0173 paj\u0117gumus. JT dalijosi [&hellip;]<\/p>\n","protected":false},"author":1,"featured_media":1761,"comment_status":"","ping_status":"","sticky":false,"template":"","format":"standard","meta":{"om_disable_all_campaigns":false,"_monsterinsights_skip_tracking":false,"_monsterinsights_sitenote_active":false,"_monsterinsights_sitenote_note":"","_monsterinsights_sitenote_category":0,"footnotes":""},"categories":[3],"tags":[4005,3998,4007,4004,3892,4006,3997,1666,3999,31,421,4002,4001,30,4000,4003],"class_list":["post-1760","post","type-post","status-publish","format-standard","has-post-thumbnail","hentry","category-pasaulio-zinios","tag-dienas","tag-gatvese","tag-goma","tag-keturias","tag-kongo","tag-kovojant","tag-kunai","tag-mieste","tag-morgai","tag-naujienos","tag-nes","tag-nuzudytu","tag-pajegumus","tag-pasaulio","tag-virsija","tag-vos"],"aioseo_notices":[],"_links":{"self":[{"href":"https:\/\/www.ziniulaisve.lt\/index.php\/wp-json\/wp\/v2\/posts\/1760","targetHints":{"allow":["GET"]}}],"collection":[{"href":"https:\/\/www.ziniulaisve.lt\/index.php\/wp-json\/wp\/v2\/posts"}],"about":[{"href":"https:\/\/www.ziniulaisve.lt\/index.php\/wp-json\/wp\/v2\/types\/post"}],"author":[{"embeddable":true,"href":"https:\/\/www.ziniulaisve.lt\/index.php\/wp-json\/wp\/v2\/users\/1"}],"replies":[{"embeddable":true,"href":"https:\/\/www.ziniulaisve.lt\/index.php\/wp-json\/wp\/v2\/comments?post=1760"}],"version-history":[{"count":0,"href":"https:\/\/www.ziniulaisve.lt\/index.php\/wp-json\/wp\/v2\/posts\/1760\/revisions"}],"wp:featuredmedia":[{"embeddable":true,"href":"https:\/\/www.ziniulaisve.lt\/index.php\/wp-json\/wp\/v2\/media\/1761"}],"wp:attachment":[{"href":"https:\/\/www.ziniulaisve.lt\/index.php\/wp-json\/wp\/v2\/media?parent=1760"}],"wp:term":[{"taxonomy":"category","embeddable":true,"href":"https:\/\/www.ziniulaisve.lt\/index.php\/wp-json\/wp\/v2\/categories?post=1760"},{"taxonomy":"post_tag","embeddable":true,"href":"https:\/\/www.ziniulaisve.lt\/index.php\/wp-json\/wp\/v2\/tags?post=1760"}],"curies":[{"name":"wp","href":"https:\/\/api.w.org\/{rel}","templated":true}]}}