{"id":1574,"date":"2025-01-14T09:06:55","date_gmt":"2025-01-14T09:06:55","guid":{"rendered":"https:\/\/www.ziniulaisve.lt\/index.php\/2025\/01\/14\/juventos-progimnazijos-vilties-diena\/"},"modified":"2025-01-14T09:06:55","modified_gmt":"2025-01-14T09:06:55","slug":"juventos-progimnazijos-vilties-diena","status":"publish","type":"post","link":"https:\/\/www.ziniulaisve.lt\/index.php\/2025\/01\/14\/juventos-progimnazijos-vilties-diena\/","title":{"rendered":"\u201eJuventos\u201c progimnazijos Vilties diena"},"content":{"rendered":"<p> <br \/>\n<\/p>\n<p><\/p>\n<p align=\"JUSTIFY\">2025 m. sausio 9 dienos 12 valanda tikrai pateks \u012f \u0160iauli\u0173 \u201eJuventos\u201c progimnazijos, buvusios 12 \u2013 osios vidurin\u0117s, istorij\u0105. Pavadin\u010diau j\u0105 VILTIES diena.<\/p>\n<p align=\"JUSTIFY\">Ne\u017einantiems, kas vyksta mokykloje, trumpas kontekstas.<\/p>\n<p align=\"JUSTIFY\"><img decoding=\"async\" loading=\"lazy\" class=\"aligncenter size-full wp-image-298067\" src=\"https:\/\/miestonaujienos.lt\/wp-content\/uploads\/2025\/01\/1-2.jpg\" alt=\"\" width=\"1230\" height=\"692\" \/><\/p>\n<p align=\"JUSTIFY\">\u0160iauli\u0173 \u201eJuventos\u201c progimnazija gruod\u017eio m\u0117nes\u012f gavo \u0160iauli\u0173 miesto savivaldyb\u0117s persi\u0173st\u0105 LR \u0160vietimo, mokslo ir sporto ministerijos ra\u0161t\u0105, kuriame ai\u0161kinama, kad progimnazijoje negali b\u016bti vykdoma formal\u0173j\u012f \u0161vietim\u0105 papildanti neformaliojo \u0161vietimo muzikos programa. Tai prie\u0161tarauja \u0160vietimo \u012fstatymui.<\/p>\n<p align=\"JUSTIFY\">Nuo 1971 met\u0173 muzikin\u012f lavinim\u0105 vaikams teikusi ir 20 met\u0173 pagal savit\u0105 muzikos mokyklos program\u0105 dirbanti mokykla, kurioje bendrojo ugdymo procesas glaud\u017eiai derinamas su muzikiniu (vyksta \u012fvairiapus\u0117 integracija, lanks\u010diai derinami tvarkara\u0161\u010diai, puosel\u0117jamos tradicijos, vienos \u0161irdies ritmu dirba mokytoj\u0173 kolektyvas, t\u0117vai pasitiki mokykla, vaik\u0105 \u012f j\u0105 i\u0161leisdami be r\u016bpes\u010dio j\u012f vesti, ve\u017eti \u012f atskir\u0105 muzikos mokykl\u0105), miestui ir Lietuvai nebereikalinga.<\/p>\n<p align=\"JUSTIFY\"><img decoding=\"async\" loading=\"lazy\" class=\"aligncenter size-full wp-image-298068\" src=\"https:\/\/miestonaujienos.lt\/wp-content\/uploads\/2025\/01\/2-3.jpg\" alt=\"\" width=\"1230\" height=\"901\" \/><\/p>\n<div id=\"ez-toc-container\" class=\"ez-toc-v2_0_82_2 counter-hierarchy ez-toc-counter ez-toc-grey ez-toc-container-direction\">\n<div class=\"ez-toc-title-container\">\n<p class=\"ez-toc-title\" style=\"cursor:inherit\">Turinys:<\/p>\n<span class=\"ez-toc-title-toggle\"><a href=\"#\" class=\"ez-toc-pull-right ez-toc-btn ez-toc-btn-xs ez-toc-btn-default ez-toc-toggle\" aria-label=\"Toggle Table of Content\"><span class=\"ez-toc-js-icon-con\"><span class=\"\"><span class=\"eztoc-hide\" style=\"display:none;\">Toggle<\/span><span class=\"ez-toc-icon-toggle-span\"><svg style=\"fill: #999;color:#999\" xmlns=\"http:\/\/www.w3.org\/2000\/svg\" class=\"list-377408\" width=\"20px\" height=\"20px\" viewBox=\"0 0 24 24\" fill=\"none\"><path d=\"M6 6H4v2h2V6zm14 0H8v2h12V6zM4 11h2v2H4v-2zm16 0H8v2h12v-2zM4 16h2v2H4v-2zm16 0H8v2h12v-2z\" fill=\"currentColor\"><\/path><\/svg><svg style=\"fill: #999;color:#999\" class=\"arrow-unsorted-368013\" xmlns=\"http:\/\/www.w3.org\/2000\/svg\" width=\"10px\" height=\"10px\" viewBox=\"0 0 24 24\" version=\"1.2\" baseProfile=\"tiny\"><path d=\"M18.2 9.3l-6.2-6.3-6.2 6.3c-.2.2-.3.4-.3.7s.1.5.3.7c.2.2.4.3.7.3h11c.3 0 .5-.1.7-.3.2-.2.3-.5.3-.7s-.1-.5-.3-.7zM5.8 14.7l6.2 6.3 6.2-6.3c.2-.2.3-.5.3-.7s-.1-.5-.3-.7c-.2-.2-.4-.3-.7-.3h-11c-.3 0-.5.1-.7.3-.2.2-.3.5-.3.7s.1.5.3.7z\"\/><\/svg><\/span><\/span><\/span><\/a><\/span><\/div>\n<nav><ul class='ez-toc-list ez-toc-list-level-1 ' ><li class='ez-toc-page-1 ez-toc-heading-level-2'><a class=\"ez-toc-link ez-toc-heading-1\" href=\"https:\/\/www.ziniulaisve.lt\/index.php\/2025\/01\/14\/juventos-progimnazijos-vilties-diena\/#Kodel\" >Kod\u0117l?<\/a><\/li><li class='ez-toc-page-1 ez-toc-heading-level-2'><a class=\"ez-toc-link ez-toc-heading-2\" href=\"https:\/\/www.ziniulaisve.lt\/index.php\/2025\/01\/14\/juventos-progimnazijos-vilties-diena\/#Ir_kas_cia_tokio\" >Ir kas \u010dia tokio?<\/a><\/li><li class='ez-toc-page-1 ez-toc-heading-level-2'><a class=\"ez-toc-link ez-toc-heading-3\" href=\"https:\/\/www.ziniulaisve.lt\/index.php\/2025\/01\/14\/juventos-progimnazijos-vilties-diena\/#Aciu\" >A\u010di\u016b<\/a><\/li><\/ul><\/nav><\/div>\n<h2 id='kod\u0117l' align=\"JUSTIFY\"><span class=\"ez-toc-section\" id=\"Kodel\"><\/span>Kod\u0117l?<span class=\"ez-toc-section-end\"><\/span><\/h2>\n<p align=\"JUSTIFY\">Tod\u0117l, kad pasikeit\u0117 \u0160vietimo \u012fstatymo papunktis, saugantis neformaliojo \u0161vietimo, o gal ir kitas mokyklas? Tai tik vienas i\u0161 sp\u0117jini\u0173.<\/p>\n<p align=\"JUSTIFY\">Jei \u012fstatymas tarnauja \u017emogui, jo ir reik\u0117t\u0173 klausti, ar reikalingos permainos. Gal kas daroma negerai? Klausimas priimantiems \u012fstatymus: ar buvo atlikti \u201enam\u0173 darbai\u201c &#8211; vyko \u201ekitoki\u0173\u201c mokykl\u0173 vertinimas, i\u0161analizuota, kiek ir kurioms \u012fstaigoms teks keisti \u201egyvenim\u0105\u201c, kiek tai kainuos, numatytos rizikos, s\u0117km\u0117s kriterijai? \u016aki\u0161kas \u017emogus da\u017eniausiai tai paskai\u010diuoja, gerai pasveria&#8230;<\/p>\n<p align=\"JUSTIFY\">Beje, paskutiniojo \u0160iauli\u0173 \u201eJuventos\u201c progimnazijos veiklos kokyb\u0117s i\u0161or\u0117s vertinimo metu 2022 m. nustatyta ir juodu ant balto para\u0161yta, kad auk\u0161\u010diausiai yra vertinama mokyklos unikali sistema ir jos vizija \u2013 MUZIKA, TIESA, \u0160VIESA.<\/p>\n<p align=\"JUSTIFY\"><img decoding=\"async\" loading=\"lazy\" class=\"aligncenter size-full wp-image-298069\" src=\"https:\/\/miestonaujienos.lt\/wp-content\/uploads\/2025\/01\/3-3.jpg\" alt=\"\" width=\"1230\" height=\"820\" \/><\/p>\n<p align=\"JUSTIFY\">Vertinimo i\u0161vadose ra\u0161oma:<\/p>\n<blockquote>\n<p align=\"JUSTIFY\">\u201eMokyklos vizijos bendrumas ir i\u0161skirtinumas sudaro palankias prielaidas \u012ftraukiajam ugdymui, tinkamas i\u0161tekli\u0173 paskirstymas kuria \u012fgalinan\u010di\u0105 mokyklos aplink\u0105, paveikus mokyklos tinklaveikos atvirumas \u012fgalina bendruomen\u0119, \u0161vietimo specialist\u0173 pagalba u\u017etikrina lygias galimybes visiems mokiniams\u201c.<\/p>\n<\/blockquote>\n<p align=\"JUSTIFY\">Manau, kad prie\u0161 kelerius metus Anapilin i\u0161\u0117j\u0119s profesorius E. Bal\u010dytis b\u016bt\u0173 patenkintas tokiu mokyklos vertinimu. Jo siekis ir buvo, kad ant muzikos i\u0161silavinimo pamat\u0173 b\u016bt\u0173 sinergi\u0161kai auginama nauja karta.<\/p>\n<p align=\"JUSTIFY\">\u0160iandien mokyklai si\u016blomas i\u0161sigelb\u0117jimo variantas \u2013 tapti vienos i\u0161 \u0160iauli\u0173 miesto muzikos mokykl\u0173 filialu. Ne\u012fsigilinus, kur slypi problema, \u0161is pasi\u016blymas atrodo visai geras. Juk muzika niekur nedings?!<\/p>\n<p align=\"JUSTIFY\">Reik\u0117s \u201etik\u201c pakeisti mokyklos nuostatus, visus planus, i\u0161 darbo atleisti beveik visus muzikos mokytojus (j\u0173 \u201eJuventoje\u201c 27!), sumok\u0117ti jiems i\u0161eitines, naujai priimti dirbti kitoje mokykloje, patirti daug streso, ne\u017einios ir ne\u016bki\u0161kumo.<\/p>\n<p align=\"JUSTIFY\">Po to prisiderinti prie ka\u017ekurios muzikos mokyklos ugdymo plan\u0173, pakitusi\u0173 darbo s\u0105lyg\u0173, kr\u016bvi\u0173, \u012fveikti visas i\u0161kilsian\u010dius problemas, kurios po truput\u012f jau dabar ai\u0161k\u0117ja.<\/p>\n<p align=\"JUSTIFY\"><img decoding=\"async\" loading=\"lazy\" class=\"aligncenter size-full wp-image-298070\" src=\"https:\/\/miestonaujienos.lt\/wp-content\/uploads\/2025\/01\/4-3.jpg\" alt=\"\" width=\"1230\" height=\"820\" \/><\/p>\n<h2 id='ir-kas-\u010dia-tokio' align=\"JUSTIFY\"><span class=\"ez-toc-section\" id=\"Ir_kas_cia_tokio\"><\/span>Ir kas \u010dia tokio?<span class=\"ez-toc-section-end\"><\/span><\/h2>\n<p align=\"JUSTIFY\">Mokyklos nuolat i\u0161gyvena permainas. Taip ie\u0161koma keli\u0173 \u012f kokyb\u0119, nepastebint, kad j\u0105 jau turime. O mokytojai i\u0161tvers visk\u0105&#8230; Tik u\u017emir\u0161tama, kad mokytojas ir yra mokykla, jos veidas, siela, \u0161irdis.<\/p>\n<p align=\"JUSTIFY\">Bet permain\u0173 Lietuvai vis ma\u017eai. Atleisti mokytojai kit\u0105met dar sugr\u012f\u0161 mokyti vaik\u0173 \u012f \u201eJuvent\u0105\u201c. Sp\u0117jame, kad neilgam, nes vaik\u0173, norin\u010di\u0173 po pamok\u0173 mokytis muzikos, ilgainiui ma\u017e\u0117s arba neliks.<\/p>\n<p align=\"JUSTIFY\">Tai rodo ir \u0161i\u0173 met\u0173 \u0160iauli\u0173 miesto mokini\u0173 pri\u0117mimo \u012f mokyklas tvarka, kurioje nei \u017eod\u017eio n\u0117ra, kad \u201eJuventoje\u201c bus vykdomas neformalus muzikinis ugdymas (ministerijos ra\u0161te rekomenduojama neorganizuoti vaik\u0173 pri\u0117mimo \u012f \u201eJuventos\u201c progimnazijos muzikines klases).<\/p>\n<p align=\"JUSTIFY\">\u0160tai tokia li\u016bdna istorija, kuri\u0105 tenka i\u0161gyventi \u201eJuventos\u201c progimnazijos bendruomenei.<\/p>\n<p align=\"JUSTIFY\"><img decoding=\"async\" loading=\"lazy\" class=\"aligncenter size-full wp-image-298071\" src=\"https:\/\/miestonaujienos.lt\/wp-content\/uploads\/2025\/01\/7-3.jpg\" alt=\"\" width=\"1230\" height=\"923\" \/><\/p>\n<h2 id='a\u010di\u016b' align=\"JUSTIFY\"><span class=\"ez-toc-section\" id=\"Aciu\"><\/span>A\u010di\u016b<span class=\"ez-toc-section-end\"><\/span><\/h2>\n<p align=\"JUSTIFY\">Visiems, ketvirtadien\u012f atvykusiems \u012f pilietin\u0119 akcij\u0105 \u201eI\u0161saugokime dainuojan\u010di\u0105 \u201eJuvent\u0105\u201c. A\u010di\u016b laiko radusiam \u0160vietimo mokslo ir sporto ministr\u0117s patar\u0117jui Tomui Bi\u010di\u016bnui, \u0160vietimo skyriaus ved\u0117jai Editai Minkuvienei, \u0160iauli\u0173 mero patar\u0117jui Vincui Urbonavi\u010diui ir kt. Buvo labai d\u017eiugu nors akimirkai apsikabinti ir pasilabinti su buvusiais bendruomen\u0117s nariais, \u201eJuventos\u201c draugais.<\/p>\n<p align=\"JUSTIFY\">D\u0117kojame akcijos dalyviams, tur\u0117jusiems dr\u0105sos vie\u0161ai ginti ir i\u0161sakyti savo pozicij\u0105: mokyklos alumn\u0117ms \u2013 operos solistei Kristinai Zmailaitei, 5 \u201eDain\u0173 dainel\u0117s\u201c konkurso laureatei, LR seime dirban\u010diai Aurelijai \u010ci\u017eauskaitei \u2013 Butkaliuk, alumnui, gimnazistui, prof. E. Bal\u010dy\u010dio premijos pirmajam laureatui Martynui Skiutei, universiteto docentei, daktarei, Angl\u0173 filologijos katedros ved\u0117jai, Did\u017eiosios Britanijos ir Kanados koled\u017e\u0173 tinklo studij\u0173 direktorei, mokyklos \u012fk\u016br\u0117jo profesoriaus Eduardo Bal\u010dy\u010dio dukrai Giedrei Bal\u010dytytei, Lietuvos \u0161vietimo darbuotoj\u0173 profesin\u0117s s\u0105jungos pirmininkui Andriui Navickui, jo pavaduotojai Lilijai Bru\u010dkienei, atstovei vie\u0161iesiems ry\u0161iams ir tarptautiniams projektams Danguolei Pilipavi\u010dienei, muzikos mokytojai, VU\u0160A d\u0117stytojai Angelei Kavaliauskienei, mokyklos T\u0117v\u0173 aktyvo atstovei Au\u0161rai Sterbavi\u010dienei.<\/p>\n<p>D\u0117kojame visiems, kurie supranta, kult\u016brinio ir formalaus ugdymo vienyb\u0117s svarb\u0105.<\/p>\n<p align=\"JUSTIFY\"><span style=\"font-size: 10pt\"><em>\u2022 Neformaliojo \u0161vietimo skyriaus ved\u0117ja J. An\u010derevi\u010di\u016bt\u0117. Nuotraukos mokytoj\u0173 I. Lipeikien\u0117s, T. Laugalio, filmuota med\u017eiaga L. Laugalio<\/em><\/span><\/p>\n<p>\u0160ia publikacija dalinasi Lietuvos region\u0173 naujien\u0173 portalas \u201eMiesto naujienos\u201c. Daugiau sau ir savo miestui aktuali\u0173 naujien\u0173 rasite portale Miesto naujienos.<\/p>\n<p><br \/>\n<br \/><a href=\"https:\/\/miestonaujienos.lt\/juventos-progimnazijos-vilties-diena\/\">Source link <\/a><\/p>\n","protected":false},"excerpt":{"rendered":"<p>2025 m. sausio 9 dienos 12 valanda tikrai pateks \u012f \u0160iauli\u0173 \u201eJuventos\u201c progimnazijos, buvusios 12 \u2013 osios vidurin\u0117s, istorij\u0105. Pavadin\u010diau j\u0105 VILTIES diena. Ne\u017einantiems, kas vyksta mokykloje, trumpas kontekstas. \u0160iauli\u0173 \u201eJuventos\u201c progimnazija gruod\u017eio m\u0117nes\u012f gavo \u0160iauli\u0173 miesto savivaldyb\u0117s persi\u0173st\u0105 LR \u0160vietimo, mokslo ir sporto ministerijos ra\u0161t\u0105, kuriame ai\u0161kinama, kad progimnazijoje negali b\u016bti vykdoma formal\u0173j\u012f \u0161vietim\u0105 [&hellip;]<\/p>\n","protected":false},"author":1,"featured_media":1575,"comment_status":"","ping_status":"","sticky":false,"template":"","format":"standard","meta":{"om_disable_all_campaigns":false,"_monsterinsights_skip_tracking":false,"_monsterinsights_sitenote_active":false,"_monsterinsights_sitenote_note":"","_monsterinsights_sitenote_category":0,"footnotes":""},"categories":[860],"tags":[2081,3587,3588,3589],"class_list":["post-1574","post","type-post","status-publish","format-standard","has-post-thumbnail","hentry","category-miestu-naujienos","tag-diena","tag-juventos","tag-progimnazijos","tag-vilties"],"aioseo_notices":[],"_links":{"self":[{"href":"https:\/\/www.ziniulaisve.lt\/index.php\/wp-json\/wp\/v2\/posts\/1574","targetHints":{"allow":["GET"]}}],"collection":[{"href":"https:\/\/www.ziniulaisve.lt\/index.php\/wp-json\/wp\/v2\/posts"}],"about":[{"href":"https:\/\/www.ziniulaisve.lt\/index.php\/wp-json\/wp\/v2\/types\/post"}],"author":[{"embeddable":true,"href":"https:\/\/www.ziniulaisve.lt\/index.php\/wp-json\/wp\/v2\/users\/1"}],"replies":[{"embeddable":true,"href":"https:\/\/www.ziniulaisve.lt\/index.php\/wp-json\/wp\/v2\/comments?post=1574"}],"version-history":[{"count":0,"href":"https:\/\/www.ziniulaisve.lt\/index.php\/wp-json\/wp\/v2\/posts\/1574\/revisions"}],"wp:featuredmedia":[{"embeddable":true,"href":"https:\/\/www.ziniulaisve.lt\/index.php\/wp-json\/wp\/v2\/media\/1575"}],"wp:attachment":[{"href":"https:\/\/www.ziniulaisve.lt\/index.php\/wp-json\/wp\/v2\/media?parent=1574"}],"wp:term":[{"taxonomy":"category","embeddable":true,"href":"https:\/\/www.ziniulaisve.lt\/index.php\/wp-json\/wp\/v2\/categories?post=1574"},{"taxonomy":"post_tag","embeddable":true,"href":"https:\/\/www.ziniulaisve.lt\/index.php\/wp-json\/wp\/v2\/tags?post=1574"}],"curies":[{"name":"wp","href":"https:\/\/api.w.org\/{rel}","templated":true}]}}