{"id":1548,"date":"2025-01-11T22:14:49","date_gmt":"2025-01-11T22:14:49","guid":{"rendered":"https:\/\/www.ziniulaisve.lt\/index.php\/2025\/01\/11\/popiezius-pranciskus-kuri-joe-bidenas-pagerbe-prezidento-laisves-medaliu-su-isskirtinumu-jav-naujienos\/"},"modified":"2025-01-11T22:14:49","modified_gmt":"2025-01-11T22:14:49","slug":"popiezius-pranciskus-kuri-joe-bidenas-pagerbe-prezidento-laisves-medaliu-su-isskirtinumu-jav-naujienos","status":"publish","type":"post","link":"https:\/\/www.ziniulaisve.lt\/index.php\/2025\/01\/11\/popiezius-pranciskus-kuri-joe-bidenas-pagerbe-prezidento-laisves-medaliu-su-isskirtinumu-jav-naujienos\/","title":{"rendered":"Popie\u017eius Pranci\u0161kus, kur\u012f Joe Bidenas pagerb\u0117 Prezidento laisv\u0117s medaliu su i\u0161skirtinumu | JAV naujienos"},"content":{"rendered":"<p> <br \/>\n<\/p>\n<div data-component-name=\"ui-article-body\" data-highlight-intro=\"true\">\n<p>Popie\u017eius Pranci\u0161kus auk\u0161\u010diausiu Amerikos civiliniu apdovanojimu buvo apdovanotas prezidento Joe Bideno, kuris apib\u016bdino pontifik\u0105 kaip \u201etik\u0117jimo, vilties ir meil\u0117s \u0161vies\u0105, kuri ry\u0161kiai \u0161vie\u010dia visame pasaulyje\u201c.<\/p>\n<p>Tai pirmas kartas <strong>Ponas Bidenas<\/strong>82 met\u0173, per ketverius savo kadencijos metus \u012fteik\u0117 Prezidento laisv\u0117s medal\u012f.<\/p>\n<p>Balt\u0173j\u0173 r\u016bm\u0173 parei\u0161kime teigiama, kad apdovanojimas \u201e\u012fteikiamas asmenims, pavyzdingai prisid\u0117jusiems prie Jungtini\u0173 Valstij\u0173 klest\u0117jimo, vertybi\u0173 ar saugumo, pasaulio taikos ar kit\u0173 reik\u0161ming\u0173 visuomenini\u0173, vie\u0161\u0173j\u0173 ar priva\u010di\u0173 pastang\u0173\u201c.<\/p>\n<p>Ponas Bidenas tur\u0117jo \u012fteikti medal\u012f <strong>Popie\u017eius Pranci\u0161kus<\/strong>88, asmeni\u0161kai \u0161e\u0161tadien\u012f m <strong>Roma<\/strong> apie tai, kas tur\u0117jo b\u016bti paskutin\u0117 jo prezidentavimo kelion\u0117 \u012f u\u017esien\u012f. Ta\u010diau prezidentas at\u0161auk\u0117 savo vizit\u0105 steb\u0117ti <strong>Kalifornijos mi\u0161k\u0173 gaisrai<\/strong>.<\/p>\n<p>Baltieji r\u016bmai sak\u0117, kad Bidenas apdovanojim\u0105 \u012fteik\u0117 per telefono pokalb\u012f, kurio metu jie taip pat aptar\u0117 pastangas skatinti taik\u0105 ir palengvinti kan\u010dias visame pasaulyje.<\/p>\n<div class=\"sdc-article-widget sdc-article-image\">\n<figure class=\"sdc-article-image__figure\">\n<div class=\"sdc-article-image__wrapper\" data-aspect-ratio=\"16\/9\">\n          \n    <\/div><figcaption class=\"ui-media-caption\">\n        <span class=\"u-hide-visually\">Vaizdas:<\/span><br \/>\n        <span class=\"ui-media-caption__caption-text\">Prezidentas Joe Bidenas Bono \u012fteik\u0117 Prezidento laisv\u0117s medal\u012f. Nuotrauka: AP<br \/>\n        <\/span><br \/>\n      <\/figcaption><\/figure>\n<\/div>\n<div class=\"sdc-article-widget sdc-article-image\">\n<figure class=\"sdc-article-image__figure\">\n<div class=\"sdc-article-image__wrapper\" data-aspect-ratio=\"16\/9\">\n          <img decoding=\"async\" class=\"sdc-article-image__item\" loading=\"lazy\" intrinsicsize=\"768x432\" src=\"https:\/\/e3.365dm.com\/25\/01\/768x432\/skynews-presidential-medal_6791615.jpg?20250104204229\" srcset=\"https:\/\/e3.365dm.com\/25\/01\/384x216\/skynews-presidential-medal_6791615.jpg?20250104204229 380w, https:\/\/e3.365dm.com\/25\/01\/768x432\/skynews-presidential-medal_6791615.jpg?20250104204229 760w, https:\/\/e3.365dm.com\/25\/01\/1600x900\/skynews-presidential-medal_6791615.jpg?20250104204229 1024w, https:\/\/e3.365dm.com\/25\/01\/2048x1152\/skynews-presidential-medal_6791615.jpg?20250104204229 2048w\" sizes=\"(min-width: 1024px) 1024px, 100vw\" alt=\"Prezidentas Joe Bidenas \u012fteikia Prezidento laisv\u0117s medal\u012f Denzeliui Va\u0161ingtonui. Nuotrauka: AP\"\/>\n    <\/div><figcaption class=\"ui-media-caption\">\n        <span class=\"u-hide-visually\">Vaizdas:<\/span><br \/>\n        <span class=\"ui-media-caption__caption-text\">Denzelis Washingtonas taip pat buvo pripa\u017eintas. Nuotrauka: AP<br \/>\n        <\/span><br \/>\n      <\/figcaption><\/figure>\n<\/div>\n<div class=\"sdc-article-widget sdc-article-image\">\n<figure class=\"sdc-article-image__figure\">\n<div class=\"sdc-article-image__wrapper\" data-aspect-ratio=\"16\/9\">\n          <img decoding=\"async\" class=\"sdc-article-image__item\" loading=\"lazy\" intrinsicsize=\"768x432\" src=\"https:\/\/e3.365dm.com\/25\/01\/768x432\/skynews-michael-j-fox-presidential-medal_6791612.jpg?20250104203546\" srcset=\"https:\/\/e3.365dm.com\/25\/01\/384x216\/skynews-michael-j-fox-presidential-medal_6791612.jpg?20250104203546 380w, https:\/\/e3.365dm.com\/25\/01\/768x432\/skynews-michael-j-fox-presidential-medal_6791612.jpg?20250104203546 760w, https:\/\/e3.365dm.com\/25\/01\/1600x900\/skynews-michael-j-fox-presidential-medal_6791612.jpg?20250104203546 1024w, https:\/\/e3.365dm.com\/25\/01\/2048x1152\/skynews-michael-j-fox-presidential-medal_6791612.jpg?20250104203546 2048w\" sizes=\"(min-width: 1024px) 1024px, 100vw\" alt=\"Prezidentas Joe Bidenas \u012fteikia prezidento laisv\u0117s medal\u012f Michaelui J Foxui. Nuotrauka: AP\"\/>\n    <\/div><figcaption class=\"ui-media-caption\">\n        <span class=\"u-hide-visually\">Vaizdas:<\/span><br \/>\n        <span class=\"ui-media-caption__caption-text\">Michaelas J Foxas buvo apdovanotas garbe. Nuotrauka: AP<br \/>\n        <\/span><br \/>\n      <\/figcaption><\/figure>\n<\/div>\n<p>Apdovanojimas gali b\u016bti \u012fteiktas su skirtumu arba be jo.<\/p>\n<p>Bidenas \u012fteik\u0117 laisv\u0117s medal\u012f \u2013 be jokio skirtumo \u2013 sausio 5 d. keliems \u017emon\u0117ms, \u012fskaitant koleg\u0105 demokrat\u0105 <strong>Hillary Clinton<\/strong>humanitarinis ir U2 dainininkas <strong>Bono<\/strong>mados dizaineris Ralph Lauren ir aktoriai <strong>Michaelas J Foxas<\/strong> ir <strong>Denzelis Va\u0161ingtonas<\/strong>.<\/p>\n<div class=\"sdc-article-widget sdc-site-video callfn\" data-account-id=\"6058004172001\" data-amp-iframe-embed=\"\" data-asset-id=\"6a66890b-fd1c-4adb-abc2-1de487a3af08\" data-asset-path=\"\" data-asset-version=\"\" data-autoplay=\"false\" data-auth-config=\"\" data-caption=\"'I could have beaten Trump'\" data-clip-type=\"\" data-component-name=\"sdc-site-video\" data-component-name-alias=\"ui-sitewide-video\" data-competition=\"\" data-copy-url-text=\"URL copied to clipboard\" data-fn=\"sdc-site-video\" data-id=\"id_6a66890b-fd1c-4adb-abc2-1de487a3af08\" data-is-live-stream=\"false\" data-lite=\"true\" data-options=\"\" data-originator-id=\"51\" data-originator-handle=\"brightcove-news-gb\" data-package-name=\"\" data-provider=\"brightcove\" data-player-id=\"RC9PQUaJ6\" data-playsinline=\"\" data-sensitive=\"false\" data-sdc-id=\"6796578\" data-sdc-video-id=\"6a66890b-fd1c-4adb-abc2-1de487a3af08\" data-sport-category=\"\" data-state=\"loading\" data-token-state=\"none\" data-video-ad-unit=\"\" data-video-blacklisted-originator-ids=\"\" data-video-id=\"ref:6a66890b-fd1c-4adb-abc2-1de487a3af08\" data-video-type=\"\" data-auto-pause-on-not-visible=\"true\" tabindex=\"-1\" data-closed-captions-position=\"middle-third\" data-show-closed-captions=\"true\" data-show-pip=\"true\" data-show-live-stream-scrubber=\"true\" data-autoload=\"false\">\n<div class=\"sdc-site-video__inner\">\n<div class=\"sdc-site-video__content\" data-role=\"bridge-controller\" style=\"padding-bottom: calc(100% \/ ());\">\n<p class=\"sdc-site-video__accessibility-message\" data-role=\"accessibility-message\">Jei norite lengviau pasiekti vaizdo \u012fra\u0161\u0173 grotuv\u0105, naudokite nar\u0161ykl\u0119 \u201eChrome\u201c.<\/p>\n<p>              <span aria-hidden=\"true\" data-role=\"poster\" class=\"sdc-site-video__poster\"><br \/>\n                <img decoding=\"async\" loading=\"lazy\" src=\"https:\/\/e3.365dm.com\/25\/01\/768x432\/skynews-joe-biden-donald-trump_6796580.jpg?20250111094824\" alt=\"Joe Bidenas sako manantis, kad 2024 met\u0173 rinkimuose b\u016bt\u0173 gal\u0117j\u0119s nugal\u0117ti Donald\u0105 Trump\u0105\" srcset=\"\" aria-hidden=\"true\" class=\"sdc-site-video__poster-img\"\/><br \/>\n              <span class=\"sdc-site-video__loader\"\/><br \/>\n                <span class=\"sdc-site-video__time\">1:09<\/span><br \/>\n              <\/span><\/p>\n<p>              <video id=\"id_6a66890b-fd1c-4adb-abc2-1de487a3af08\" data-embed=\"default\" data-application-id=\"\" class=\"video-js sdc-site-video__tag\" controls=\"\" playsinline=\"\"\/>\n            <\/div><figcaption class=\"sdc-site-video__caption ui-media-caption\">\n<p>              <span class=\"ui-media-caption__caption-text\" data-role=\"caption-text\">\u201eGal\u0117jau nugal\u0117ti Trump\u0105\u201c<\/span><br \/>\n            <\/figcaption><\/div>\n<\/p><\/div>\n<p><strong>Skaitykite daugiau i\u0161 \u201eSky News\u201c:<br \/>G\u0117jai gali tapti kunigais<br \/>I\u0161pl\u0117t\u0117 dingusi\u0173 seser\u0173 paie\u0161ka<br \/>Carrie Johnson i\u0161\u0117jo sunkiai kv\u0117puodama<\/strong><\/p>\n<p>Pats Bidenas yra apdovanotas puikiais apdovanojimais, kuriuos pripa\u017eino tuometinis prezidentas viceprezidentu. <strong>Barackas Obama<\/strong> staigmenos ceremonijoje prie\u0161 a\u0161tuonerius metus.<\/p>\n<div class=\"sdc-article-widget sdc-article-image\">\n<figure class=\"sdc-article-image__figure\">\n<div class=\"sdc-article-image__wrapper\" data-aspect-ratio=\"16\/9\">\n          <img decoding=\"async\" class=\"sdc-article-image__item\" loading=\"lazy\" intrinsicsize=\"768x432\" src=\"https:\/\/e3.365dm.com\/25\/01\/768x432\/skynews-barack-obama-joe-biden_6797205.jpg?20250111210436\" srcset=\"https:\/\/e3.365dm.com\/25\/01\/384x216\/skynews-barack-obama-joe-biden_6797205.jpg?20250111210436 380w, https:\/\/e3.365dm.com\/25\/01\/768x432\/skynews-barack-obama-joe-biden_6797205.jpg?20250111210436 760w, https:\/\/e3.365dm.com\/25\/01\/1600x900\/skynews-barack-obama-joe-biden_6797205.jpg?20250111210436 1024w, https:\/\/e3.365dm.com\/25\/01\/2048x1152\/skynews-barack-obama-joe-biden_6797205.jpg?20250111210436 2048w\" sizes=\"(min-width: 1024px) 1024px, 100vw\" alt=\"Prezidentas Barackas Obama \u012fteik\u0117 viceprezidentui Joe Bidenui Prezidento laisv\u0117s medal\u012f per ceremonij\u0105 Balt\u0173j\u0173 r\u016bm\u0173 valstybiniame valgomajame Va\u0161ingtone, 2017 m. sausio 12 d. (AP nuotrauka \/ Susan Walsh)\"\/>\n    <\/div><figcaption class=\"ui-media-caption\">\n        <span class=\"u-hide-visually\">Vaizdas:<\/span><br \/>\n        <span class=\"ui-media-caption__caption-text\">2017 m. Barackas Obama \u012fteik\u0117 Joe Bidenui i\u0161skirtin\u012f prezidento laisv\u0117s medal\u012f. Failo nuotrauka: AP<br \/>\n        <\/span><br \/>\n      <\/figcaption><\/figure>\n<\/div>\n<p>Popie\u017eiaus garbei skirta citata sako, kad jo \u201emisija tarnauti varg\u0161ams niekada nesibaig\u0117\u201c.<\/p>\n<p>&#8222;Mylintis pastorius, jis d\u017eiaugsmingai atsako \u012f vaik\u0173 klausimus apie Diev\u0105. I\u0161\u0161\u016bk\u012f keliantis mokytojas \u012fsako mums kovoti u\u017e taik\u0105 ir saugoti planet\u0105. Malonus vadovas, jis kreipiasi \u012f skirtingus tik\u0117jimus&#8221;, \u2013 priduriama jame.<\/p>\n<\/p><\/div>\n<p><br \/>\n<br \/><a href=\"https:\/\/news.sky.com\/story\/pope-francis-honoured-by-joe-biden-with-presidential-medal-of-freedom-with-distinction-13287395\">Source link <\/a><\/p>\n","protected":false},"excerpt":{"rendered":"<p>Popie\u017eius Pranci\u0161kus auk\u0161\u010diausiu Amerikos civiliniu apdovanojimu buvo apdovanotas prezidento Joe Bideno, kuris apib\u016bdino pontifik\u0105 kaip \u201etik\u0117jimo, vilties ir meil\u0117s \u0161vies\u0105, kuri ry\u0161kiai \u0161vie\u010dia visame pasaulyje\u201c. Tai pirmas kartas Ponas Bidenas82 met\u0173, per ketverius savo kadencijos metus \u012fteik\u0117 Prezidento laisv\u0117s medal\u012f. Balt\u0173j\u0173 r\u016bm\u0173 parei\u0161kime teigiama, kad apdovanojimas \u201e\u012fteikiamas asmenims, pavyzdingai prisid\u0117jusiems prie Jungtini\u0173 Valstij\u0173 klest\u0117jimo, vertybi\u0173 [&hellip;]<\/p>\n","protected":false},"author":1,"featured_media":1549,"comment_status":"","ping_status":"","sticky":false,"template":"","format":"standard","meta":{"om_disable_all_campaigns":false,"_monsterinsights_skip_tracking":false,"_monsterinsights_sitenote_active":false,"_monsterinsights_sitenote_note":"","_monsterinsights_sitenote_category":0,"footnotes":""},"categories":[3],"tags":[557,3523,236,556,684,669,3522,31,1285,3520,3521,1914],"class_list":["post-1548","post","type-post","status-publish","format-standard","has-post-thumbnail","hentry","category-pasaulio-zinios","tag-bidenas","tag-isskirtinumu","tag-jav","tag-joe","tag-kuri","tag-laisves","tag-medaliu","tag-naujienos","tag-pagerbe","tag-popiezius","tag-pranciskus","tag-prezidento"],"aioseo_notices":[],"_links":{"self":[{"href":"https:\/\/www.ziniulaisve.lt\/index.php\/wp-json\/wp\/v2\/posts\/1548","targetHints":{"allow":["GET"]}}],"collection":[{"href":"https:\/\/www.ziniulaisve.lt\/index.php\/wp-json\/wp\/v2\/posts"}],"about":[{"href":"https:\/\/www.ziniulaisve.lt\/index.php\/wp-json\/wp\/v2\/types\/post"}],"author":[{"embeddable":true,"href":"https:\/\/www.ziniulaisve.lt\/index.php\/wp-json\/wp\/v2\/users\/1"}],"replies":[{"embeddable":true,"href":"https:\/\/www.ziniulaisve.lt\/index.php\/wp-json\/wp\/v2\/comments?post=1548"}],"version-history":[{"count":0,"href":"https:\/\/www.ziniulaisve.lt\/index.php\/wp-json\/wp\/v2\/posts\/1548\/revisions"}],"wp:featuredmedia":[{"embeddable":true,"href":"https:\/\/www.ziniulaisve.lt\/index.php\/wp-json\/wp\/v2\/media\/1549"}],"wp:attachment":[{"href":"https:\/\/www.ziniulaisve.lt\/index.php\/wp-json\/wp\/v2\/media?parent=1548"}],"wp:term":[{"taxonomy":"category","embeddable":true,"href":"https:\/\/www.ziniulaisve.lt\/index.php\/wp-json\/wp\/v2\/categories?post=1548"},{"taxonomy":"post_tag","embeddable":true,"href":"https:\/\/www.ziniulaisve.lt\/index.php\/wp-json\/wp\/v2\/tags?post=1548"}],"curies":[{"name":"wp","href":"https:\/\/api.w.org\/{rel}","templated":true}]}}