{"id":1214,"date":"2024-12-09T21:31:36","date_gmt":"2024-12-09T21:31:36","guid":{"rendered":"https:\/\/www.ziniulaisve.lt\/index.php\/2024\/12\/09\/assadui-isvykus-is-sirijos-baiminamasi-kad-atgimstanti-islamo-valstybe-gali-uzpildyti-vakuuma-pasaulio-naujienos\/"},"modified":"2024-12-09T21:31:36","modified_gmt":"2024-12-09T21:31:36","slug":"assadui-isvykus-is-sirijos-baiminamasi-kad-atgimstanti-islamo-valstybe-gali-uzpildyti-vakuuma-pasaulio-naujienos","status":"publish","type":"post","link":"https:\/\/www.ziniulaisve.lt\/index.php\/2024\/12\/09\/assadui-isvykus-is-sirijos-baiminamasi-kad-atgimstanti-islamo-valstybe-gali-uzpildyti-vakuuma-pasaulio-naujienos\/","title":{"rendered":"Assadui i\u0161vykus i\u0161 Sirijos, baiminamasi, kad atgimstanti \u201eIslamo valstyb\u0117\u201c gali u\u017epildyti vakuum\u0105 | Pasaulio naujienos"},"content":{"rendered":"<p> <br \/>\n<\/p>\n<div data-component-name=\"ui-article-body\" data-highlight-intro=\"true\">\n<p>Sirijos re\u017eimo \u017elugimas gali paskatinti \u201eIslamo valstyb\u0117s\u201c (IS) atgimim\u0105, did\u0117jant susir\u016bpinimui d\u0117l stovykl\u0173 ir \u012fkalinimo viet\u0173, kuriose laikomi t\u016bkstan\u010diai sulaikyt\u0173 kovotoj\u0173, likimo.<\/p>\n<p>Nepriklausomas JK terorizmo \u012fstatym\u0173 ap\u017evalgininkas Jonathanas Hallas KC persp\u0117jo, kad besivystanti kriz\u0117 sukuria potencial\u0105 naujai terorizmo bangai.<\/p>\n<p>Jis sak\u0117 \u201eSky News\u201c, kad \u012fkalinimo \u012fstaigos \u0161iaur\u0117s rytuose <strong>Sirija<\/strong> \u201elaiko vienus pavojingiausi\u0173 <strong>Islamo valstyb\u0117<\/strong> kovotojai\u201c.<\/p>\n<p><strong>Naujausia Sirija \u2013 premjeras sutiko perduoti vald\u017ei\u0105 sukil\u0117liams<\/strong><\/p>\n<div class=\"sdc-article-widget sdc-article-image\">\n<figure class=\"sdc-article-image__figure\">\n<div class=\"sdc-article-image__wrapper\" data-aspect-ratio=\"16\/9\">\n          \n    <\/div><figcaption class=\"ui-media-caption\">\n        <span class=\"u-hide-visually\">Vaizdas:<\/span><br \/>\n        <span class=\"ui-media-caption__caption-text\">Pirmadien\u012f i\u0161kilm\u0117s Damaske. Nuotrauka: AP<br \/>\n        <\/span><br \/>\n      <\/figcaption><\/figure>\n<\/div>\n<div class=\"sdc-article-widget sdc-article-image\">\n<figure class=\"sdc-article-image__figure\">\n<div class=\"sdc-article-image__wrapper\" data-aspect-ratio=\"16\/9\">\n          <img decoding=\"async\" class=\"sdc-article-image__item\" loading=\"lazy\" intrinsicsize=\"768x432\" src=\"https:\/\/e3.365dm.com\/24\/12\/768x432\/skynews-syrian-damascus_6771766.jpg?20241209191029\" srcset=\"https:\/\/e3.365dm.com\/24\/12\/384x216\/skynews-syrian-damascus_6771766.jpg?20241209191029 380w, https:\/\/e3.365dm.com\/24\/12\/768x432\/skynews-syrian-damascus_6771766.jpg?20241209191029 760w, https:\/\/e3.365dm.com\/24\/12\/1600x900\/skynews-syrian-damascus_6771766.jpg?20241209191029 1024w, https:\/\/e3.365dm.com\/24\/12\/2048x1152\/skynews-syrian-damascus_6771766.jpg?20241209191029 2048w\" sizes=\"(min-width: 1024px) 1024px, 100vw\" alt=\"Sirijos mergina su revoliucine v\u0117liava ant veido \u0161ypsosi \u0161v\u0119sdama antr\u0105j\u0105 dien\u0105, kai sukil\u0117liai Damaske, Sirijoje, u\u017e\u0117m\u0117 miest\u0105, pirmadien\u012f, 2024 m. gruod\u017eio 9 d. (AP Photo \/ Hussein Malla)\"\/>\n    <\/div><figcaption class=\"ui-media-caption\">\n        <span class=\"u-hide-visually\">Vaizdas:<\/span><br \/>\n        <span class=\"ui-media-caption__caption-text\">Sirijos mergina su revoliucine v\u0117liava ant veido Damaske. Nuotrauka: AP<br \/>\n        <\/span><br \/>\n      <\/figcaption><\/figure>\n<\/div>\n<p>Ponas Hallas sak\u0117: \u201e\u0160ie \u017emon\u0117s \u2013 jei jie kada nors b\u016bt\u0173 paleisti \u2013 jie, be jokios abejon\u0117s, sudaryt\u0173 branduol\u012f dar vienai teroristin\u0117s grupuot\u0117s pakartojimui\u201c.<\/p>\n<p>IS u\u017egrob\u0117 dalis <strong>Irakas<\/strong> ir Sirijos kruvin\u0105 siaut\u0117jim\u0105, kuris kilo 2014 m.<\/p>\n<p>\u012evesdama teroro vie\u0161patavim\u0105, grupuot\u0117 kankino ir nu\u017eud\u0117 visus, kurie prie\u0161inosi j\u0173 kra\u0161tutinei sunit\u0173 islamo interpretacijai.<\/p>\n<p>Jie naudojo aptakius propagandinius vaizdo \u012fra\u0161us, kad skleist\u0173 savo i\u0161kreipt\u0105 doktrin\u0105, pritraukdami \u012f savo gretas daug u\u017esienio kovotoj\u0173 ir kit\u0173 pasek\u0117j\u0173, \u012fskaitant i\u0161 JK.<\/p>\n<p>Atid\u016bs IS prane\u0161imai taip pat \u012fkv\u0117p\u0117 vietinius teroristus vykdyti \u017eiaurumus savo \u0161alyse.<\/p>\n<p>JAV, JK ir kitos Vakar\u0173 valstyb\u0117s susijung\u0117 su Irako kariuomene ir Sirijos sukil\u0117li\u0173 kovotojais, \u012fskaitant galingas <strong>kurd\u0173<\/strong> milicininkai, kovodami su terorizmo gr\u0117sme, galiausiai sunaikindami IS pasiskelbt\u0105 kalifat\u0105 2019 m.<\/p>\n<div class=\"sdc-article-widget sdc-site-video callfn\" data-account-id=\"6058004172001\" data-amp-iframe-embed=\"\" data-asset-id=\"948cc10a-97ac-4d21-8272-a2ad6c8f643b\" data-asset-path=\"\" data-asset-version=\"\" data-autoplay=\"false\" data-auth-config=\"\" data-caption=\"Relatives search 'human slaughterhouse'\" data-clip-type=\"\" data-component-name=\"sdc-site-video\" data-competition=\"\" data-copy-url-text=\"URL copied to clipboard\" data-fn=\"sdc-site-video\" data-id=\"id_948cc10a-97ac-4d21-8272-a2ad6c8f643b\" data-is-live-stream=\"false\" data-lite=\"true\" data-options=\"\" data-originator-id=\"51\" data-originator-handle=\"brightcove-news-gb\" data-package-name=\"\" data-provider=\"brightcove\" data-player-id=\"RC9PQUaJ6\" data-playsinline=\"\" data-sensitive=\"false\" data-sdc-id=\"6771585\" data-sdc-video-id=\"948cc10a-97ac-4d21-8272-a2ad6c8f643b\" data-sport-category=\"\" data-state=\"loading\" data-token-state=\"none\" data-video-ad-unit=\"\" data-video-blacklisted-originator-ids=\"\" data-video-id=\"ref:948cc10a-97ac-4d21-8272-a2ad6c8f643b\" data-video-type=\"\" data-auto-pause-on-not-visible=\"true\" tabindex=\"-1\" data-closed-captions-position=\"middle-third\" data-show-closed-captions=\"true\" data-show-pip=\"true\" data-show-live-stream-scrubber=\"true\">\n<div class=\"sdc-site-video__inner\">\n<div class=\"sdc-site-video__content\" data-role=\"bridge-controller\" style=\"padding-bottom: calc(100% \/ ());\">\n<p class=\"sdc-site-video__accessibility-message\" data-role=\"accessibility-message\">Jei norite lengviau pasiekti vaizdo \u012fra\u0161\u0173 grotuv\u0105, naudokite nar\u0161ykl\u0119 \u201eChrome\u201c.<\/p>\n<p>              <span aria-hidden=\"true\" data-role=\"poster\" class=\"sdc-site-video__poster\"><br \/>\n                <img decoding=\"async\" loading=\"lazy\" src=\"https:\/\/e3.365dm.com\/24\/12\/768x432\/skynews-sadynya-saydnaya-prison_6771524.jpg?20241209134941\" alt=\"Saidnajos kal\u0117jimas\" srcset=\"\" aria-hidden=\"true\" class=\"sdc-site-video__poster-img\"\/><br \/>\n              <span class=\"sdc-site-video__loader\"\/><br \/>\n                <span class=\"sdc-site-video__time\">0:48<\/span><br \/>\n              <\/span><\/p>\n<p>              <video id=\"id_948cc10a-97ac-4d21-8272-a2ad6c8f643b\" data-embed=\"default\" data-application-id=\"\" class=\"video-js sdc-site-video__tag\" controls=\"\" playsinline=\"\"\/>\n            <\/div><figcaption class=\"sdc-site-video__caption ui-media-caption\">\n<p>              <span class=\"ui-media-caption__caption-text\" data-role=\"caption-text\">Artimieji ie\u0161ko \u201e\u017emoni\u0173 skerdykloje\u201c<\/span><br \/>\n            <\/figcaption><\/div>\n<\/p><\/div>\n<div class=\"sdc-article-widget sdc-article-image\">\n<figure class=\"sdc-article-image__figure\">\n<div class=\"sdc-article-image__wrapper\" data-aspect-ratio=\"16\/9\">\n          <img decoding=\"async\" class=\"sdc-article-image__item\" loading=\"lazy\" intrinsicsize=\"768x432\" src=\"https:\/\/e3.365dm.com\/24\/12\/768x432\/skynews-syrian-president-bashar-al-assad_6771772.jpg?20241209191353\" srcset=\"https:\/\/e3.365dm.com\/24\/12\/384x216\/skynews-syrian-president-bashar-al-assad_6771772.jpg?20241209191353 380w, https:\/\/e3.365dm.com\/24\/12\/768x432\/skynews-syrian-president-bashar-al-assad_6771772.jpg?20241209191353 760w, https:\/\/e3.365dm.com\/24\/12\/1600x900\/skynews-syrian-president-bashar-al-assad_6771772.jpg?20241209191353 1024w, https:\/\/e3.365dm.com\/24\/12\/2048x1152\/skynews-syrian-president-bashar-al-assad_6771772.jpg?20241209191353 2048w\" sizes=\"(min-width: 1024px) 1024px, 100vw\" alt=\"2024 m. gruod\u017eio 8 d., sekmadien\u012f, Izraelio aneksuotose Golano auk\u0161tumose, Majdal \u0160amso miestelyje, 2024 m. gruod\u017eio 8 d., \u017emon\u0117s dalyvauja mitinge, \u0161ven\u010dian\u010diame Sirijos prezidento Basharo Assado vyriausyb\u0117s \u017elugim\u0105. (AP nuotrauka \/ Matias Delacroix)\"\/>\n    <\/div><figcaption class=\"ui-media-caption\">\n        <span class=\"u-hide-visually\">Vaizdas:<\/span><br \/>\n        <span class=\"ui-media-caption__caption-text\">Mitingas, skirtas Basharo al Assado \u017elugimui Majdal \u0160amse, Golano auk\u0161tumose. Nuotrauka: AP<br \/>\n        <\/span><br \/>\n      <\/figcaption><\/figure>\n<\/div>\n<p>T\u016bkstan\u010diai sulaikyt\u0173 kovotoj\u0173, taip pat de\u0161imtys t\u016bkstan\u010di\u0173 moter\u0173 ir vaik\u0173 nuo to laiko buvo sulaikyti daugyb\u0117je i\u0161sibars\u010diusi\u0173 stovykl\u0173 ir sulaikymo viet\u0173 Sirijos \u0161iaur\u0117s rytuose, kuri\u0105 kontroliuoja Sirijos demokratin\u0117s paj\u0117gos (SDF). Kurd\u0173 vadovaujamas milicijos aljansas.<\/p>\n<p>Jie vis dar i\u0161laiko reljef\u0105 ir yra atsakingi u\u017e stovykl\u0173 apsaug\u0105, padedami \u0161imt\u0173 amerikie\u010di\u0173 kareivi\u0173.<\/p>\n<p>Ta\u010diau kurd\u0173 milicijas spaud\u017eia Turkijos remiamos konkuruojan\u010dios sukil\u0117li\u0173 grupuot\u0117s, o tai rei\u0161kia, kad gali i\u0161kilti gr\u0117sm\u0117 j\u0173 geb\u0117jimui saugoti stovyklas.<\/p>\n<p>Taip pat yra galimyb\u0117, kad kuri nors besiformuojanti pereinamojo laikotarpio vyriausyb\u0117 Damaske gali siekti atgauti visos \u0161alies kontrol\u0119.<\/p>\n<p>\u0160iaur\u0117s ryt\u0173 Sirija pastar\u0105j\u012f de\u0161imtmet\u012f buvo nepatenka \u012f vyriausyb\u0117s rankas.<\/p>\n<p>Jo neapibr\u0117\u017etas statusas leid\u017eia JK ir kitoms Vakar\u0173 vyriausyb\u0117ms ne\u017einioje palikti savo pas\u0173 tur\u0117toj\u0173, kurie prisijung\u0117 prie IS ir yra sulaikyti stovyklose, problem\u0105.<\/p>\n<p>Buv\u0119s ginkluot\u0173j\u0173 paj\u0117g\u0173 ministras Jamesas Heappey&#8217;us sak\u0117, kad visa tai dabar gali pasikeisti atsi\u017evelgiant \u012f pastar\u0173j\u0173 dviej\u0173 savai\u010di\u0173 \u012fvykius.<\/p>\n<p>Jis persp\u0117jo, kad jei tos stovyklos \u201enetinkamai saugomos \u2013 ir yra \u012fvairiausi\u0173 prie\u017eas\u010di\u0173, kod\u0117l taip gali b\u016bti \u2013 tuomet galima pamatyti situacij\u0105, kai stovyklos tiesiog i\u0161siver\u017e\u0117, sargybiniai buvo perpildyti ir visa tai. IS ugnies j\u0117gos koncentracija pasklinda visame regione\u201c.<\/p>\n<div class=\"sdc-article-widget sdc-article-custom-markup \" data-component-name=\"sdc-article-custom-markup\" data-consent=\"pending\" data-vendor-name=\"spreaker\">\n<section aria-label=\"Consent required\" class=\"ui-consent-roadblock\" data-component-name=\"ui-consent-roadblock\" data-aspect-ratio=\"16\/9\">\n<div class=\"ui-consent-roadblock-body\">\n        <span class=\"ui-consent-roadblock-body__title\">Prane\u0161\u0117jas<\/span><br \/>\n            <span class=\"ui-consent-roadblock-body__description\" data-show-on-fallback=\"false\"><\/p>\n<p>                \u0160\u012f turin\u012f teikia <span class=\"ui-consent-roadblock-body__vendor-title\">Prane\u0161\u0117jas<\/span>kuri gali naudoti slapukus ir kitas technologijas. Nor\u0117dami parodyti jums \u0161\u012f turin\u012f, mums reikia j\u016bs\u0173 leidimo naudoti slapukus. Galite naudoti toliau esan\u010dius mygtukus, kad pakeistum\u0117te savo nuostatas, kad \u012fgalintum\u0117te <span class=\"ui-consent-roadblock-body__vendor-title\">Prane\u0161\u0117jas<\/span> slapukus arba leisti tuos slapukus tik vien\u0105 kart\u0105. Savo nustatymus galite bet kada pakeisti naudodami Privatumo parinktis.<br \/>\n            <\/span><br \/>\n            <span class=\"ui-consent-roadblock-body__description\" data-show-on-fallback=\"true\"><\/p>\n<p>                Deja, mes negal\u0117jome patikrinti, ar sutikote <span class=\"ui-consent-roadblock-body__vendor-title\">Prane\u0161\u0117jas<\/span> sausainiai. Jei norite per\u017ei\u016br\u0117ti \u0161\u012f turin\u012f, galite naudoti toliau esant\u012f mygtuk\u0105, kad leisti <span class=\"ui-consent-roadblock-body__vendor-title\">Prane\u0161\u0117jas<\/span> tik \u0161ios sesijos slapukus.<br \/>\n            <\/span><\/p>\n<div class=\"ui-consent-roadblock-body__link-group\">\n<p>                \u012egalinti slapukus Leisti slapukus vien\u0105 kart\u0105\n            <\/p><\/div>\n<\/p><\/div>\n<\/section>\n<\/div>\n<p><strong>\ud83d\udc49 Klausykit\u0117s Sky News Daily savo podcast programoje \ud83d\udc48<\/strong><\/p>\n<p>\u201eKitas dalykas, kuris gali nutikti \u2013 nauja demokrati\u0161kai i\u0161rinkta Sirijos vyriausyb\u0117, turinti valdymo mandat\u0105, gali apsisukti ir pasakyti: kod\u0117l Sirija vis dar yra ta vieta, kurioje laikomi visi \u0161ie u\u017esienio kovotojai?<\/p>\n<p>\u201eIr jie, teis\u0117ta Damasko vyriausyb\u0117, bendradarbiaujanti su savo Vakar\u0173 s\u0105jungininkais, gali atsisukti ir pasakyti: \u201eU\u017eteks. Laikas jums atsiimti savo u\u017esienio kovotojus\u201c.<\/p>\n<p><strong>Skaityti daugiau:<br \/>Assadas \u201esuteik\u0117 prieglobst\u012f\u201c Maskvoje<br \/>Nuo aki\u0173 gydytojo iki diktatoriaus<br \/>Kas yra Sirijos sukil\u0117liai?<\/strong><\/p>\n<p>Paklaustas, ar nerimauja d\u0117l galimos atgimstan\u010dios IS Sirijoje, seras Keiras Starmeris daugiausia d\u0117mesio skyr\u0117 viltims d\u0117l taikaus vald\u017eios per\u0117jimo naujai vyriausybei.<\/p>\n<p>&#8222;Kai man sakote, kad yra visoki\u0173 pavoj\u0173, a\u0161 sutinku, kad yra. \u0160tai kod\u0117l mes turime b\u016bti intensyviai susitelk\u0119 \u012f per\u0117jim\u0105.&#8221;<\/p>\n<\/p><\/div>\n<p><br \/>\n<br \/><a href=\"https:\/\/news.sky.com\/story\/with-assad-gone-from-syria-there-are-fears-a-resurgent-islamic-state-could-fill-the-vacuum-13270559\">Source link <\/a><\/p>\n","protected":false},"excerpt":{"rendered":"<p>Sirijos re\u017eimo \u017elugimas gali paskatinti \u201eIslamo valstyb\u0117s\u201c (IS) atgimim\u0105, did\u0117jant susir\u016bpinimui d\u0117l stovykl\u0173 ir \u012fkalinimo viet\u0173, kuriose laikomi t\u016bkstan\u010diai sulaikyt\u0173 kovotoj\u0173, likimo. Nepriklausomas JK terorizmo \u012fstatym\u0173 ap\u017evalgininkas Jonathanas Hallas KC persp\u0117jo, kad besivystanti kriz\u0117 sukuria potencial\u0105 naujai terorizmo bangai. Jis sak\u0117 \u201eSky News\u201c, kad \u012fkalinimo \u012fstaigos \u0161iaur\u0117s rytuose Sirija \u201elaiko vienus pavojingiausi\u0173 Islamo valstyb\u0117 kovotojai\u201c. [&hellip;]<\/p>\n","protected":false},"author":1,"featured_media":1215,"comment_status":"","ping_status":"","sticky":false,"template":"","format":"standard","meta":{"om_disable_all_campaigns":false,"_monsterinsights_skip_tracking":false,"_monsterinsights_sitenote_active":false,"_monsterinsights_sitenote_note":"","_monsterinsights_sitenote_category":0,"footnotes":""},"categories":[3],"tags":[2745,2748,2747,143,191,2749,2746,174,31,30,2719,2750,2751,1090],"class_list":["post-1214","post","type-post","status-publish","format-standard","has-post-thumbnail","hentry","category-pasaulio-zinios","tag-assadui","tag-atgimstanti","tag-baiminamasi","tag-gali","tag-is","tag-islamo","tag-isvykus","tag-kad","tag-naujienos","tag-pasaulio","tag-sirijos","tag-uzpildyti","tag-vakuuma","tag-valstybe"],"aioseo_notices":[],"_links":{"self":[{"href":"https:\/\/www.ziniulaisve.lt\/index.php\/wp-json\/wp\/v2\/posts\/1214","targetHints":{"allow":["GET"]}}],"collection":[{"href":"https:\/\/www.ziniulaisve.lt\/index.php\/wp-json\/wp\/v2\/posts"}],"about":[{"href":"https:\/\/www.ziniulaisve.lt\/index.php\/wp-json\/wp\/v2\/types\/post"}],"author":[{"embeddable":true,"href":"https:\/\/www.ziniulaisve.lt\/index.php\/wp-json\/wp\/v2\/users\/1"}],"replies":[{"embeddable":true,"href":"https:\/\/www.ziniulaisve.lt\/index.php\/wp-json\/wp\/v2\/comments?post=1214"}],"version-history":[{"count":0,"href":"https:\/\/www.ziniulaisve.lt\/index.php\/wp-json\/wp\/v2\/posts\/1214\/revisions"}],"wp:featuredmedia":[{"embeddable":true,"href":"https:\/\/www.ziniulaisve.lt\/index.php\/wp-json\/wp\/v2\/media\/1215"}],"wp:attachment":[{"href":"https:\/\/www.ziniulaisve.lt\/index.php\/wp-json\/wp\/v2\/media?parent=1214"}],"wp:term":[{"taxonomy":"category","embeddable":true,"href":"https:\/\/www.ziniulaisve.lt\/index.php\/wp-json\/wp\/v2\/categories?post=1214"},{"taxonomy":"post_tag","embeddable":true,"href":"https:\/\/www.ziniulaisve.lt\/index.php\/wp-json\/wp\/v2\/tags?post=1214"}],"curies":[{"name":"wp","href":"https:\/\/api.w.org\/{rel}","templated":true}]}}