{"id":1206,"date":"2024-12-08T21:30:33","date_gmt":"2024-12-08T21:30:33","guid":{"rendered":"https:\/\/www.ziniulaisve.lt\/index.php\/2024\/12\/08\/nusalintas-sirijos-prezidentas-assadas-suteike-prieglobsti-maskvoje-pasaulio-lyderiai-sveikina-barbarisko-rezimo-pabaiga-pasaulio-naujienos\/"},"modified":"2024-12-08T21:30:33","modified_gmt":"2024-12-08T21:30:33","slug":"nusalintas-sirijos-prezidentas-assadas-suteike-prieglobsti-maskvoje-pasaulio-lyderiai-sveikina-barbarisko-rezimo-pabaiga-pasaulio-naujienos","status":"publish","type":"post","link":"https:\/\/www.ziniulaisve.lt\/index.php\/2024\/12\/08\/nusalintas-sirijos-prezidentas-assadas-suteike-prieglobsti-maskvoje-pasaulio-lyderiai-sveikina-barbarisko-rezimo-pabaiga-pasaulio-naujienos\/","title":{"rendered":"Nu\u0161alintas Sirijos prezidentas Assadas \u201esuteik\u0117 prieglobst\u012f\u201c Maskvoje \u2013 pasaulio lyderiai sveikina \u201ebarbari\u0161ko\u201c re\u017eimo pabaig\u0105 | Pasaulio naujienos"},"content":{"rendered":"<p> <br \/>\n<\/p>\n<div data-component-name=\"ui-article-body\" data-highlight-intro=\"true\">\n<p>Nuverstas Sirijos prezidentas Basharas al Assadas atvyko \u012f Maskv\u0105, patvirtino Rusijos valstybin\u0117 \u017einiasklaida. <\/p>\n<p><strong>Ponas Assadas<\/strong> ir jo \u0161eimos nariai \u012f miest\u0105 atvyko sekmadien\u012f, naujien\u0173 agent\u016brai TASS sak\u0117 \u0161altinis Kremliuje.<\/p>\n<p>\u0160altinis prid\u016br\u0117: \u201eRusija d\u0117l humanitarini\u0173 prie\u017eas\u010di\u0173 suteik\u0117 jiems prieglobst\u012f\u201c.<\/p>\n<p><strong>Skaityti daugiau: <\/strong><strong>Naujausi naujiniai i\u0161 Sirijos<\/strong><\/p>\n<p>Assado buvimo vieta buvo patvirtinta, nes Rusijos naujien\u0173 agent\u016bros prane\u0161\u0117, kad Maskva sudar\u0117 susitarim\u0105 su Sirijos opozicijos lyderiais. \u0160altinis teig\u0117, kad sukil\u0117liai garantavo Rusijos karini\u0173 bazi\u0173 ir diplomatini\u0173 institucij\u0173 saugum\u0105 Sirijoje.<\/p>\n<p>Assadas paliko Sirijos sostin\u0119 Damask\u0105 po to, kai jo vyriausyb\u0117 \u017elugo po \u017eaibi\u0161ko prie\u0161 re\u017eim\u0105 nusiteikusi\u0173 paj\u0117g\u0173 puolimo visoje \u0161alyje, nutraukus jo 24 metus trukus\u012f valdym\u0105.<\/p>\n<p>Jo, taip pat jo \u017emonos Asmos ir j\u0173dviej\u0173 vaik\u0173 buvimo vieta i\u0161 prad\u017ei\u0173 nebuvo \u017einoma. Rusija prane\u0161\u0117, kad Assadas paliko Sirij\u0105 po deryb\u0173 su sukil\u0117li\u0173 grupuot\u0117mis.<\/p>\n<p>Buvusiam prezidentui pab\u0117gus, socialiniuose tinkluose pasirod\u017eiusioje med\u017eiagoje buvo matyti, kaip \u0161eimos d\u017eiaugsmingai pl\u0117\u0161ia prezidento r\u016bmus Damaske, kai kurios dar\u0117si asmenukes nuostabioje aplinkoje, o t\u016bkstan\u010diai \u017emoni\u0173 \u0161vent\u0117s gatv\u0117se.<\/p>\n<div class=\"sdc-article-widget sdc-article-image\">\n<figure class=\"sdc-article-image__figure\">\n<div class=\"sdc-article-image__wrapper\" data-aspect-ratio=\"16\/9\">\n          \n    <\/div><figcaption class=\"ui-media-caption\">\n        <span class=\"u-hide-visually\">Vaizdas:<\/span><br \/>\n        <span class=\"ui-media-caption__caption-text\">Grup\u0117 \u017emoni\u0173, fotografuojan\u010di\u0173 asmenuk\u0119 prezidento r\u016bmuose Damaske, Sirijoje. Nuotrauka: AP<br \/>\n        <\/span><br \/>\n      <\/figcaption><\/figure>\n<\/div>\n<div class=\"sdc-article-widget sdc-article-image\">\n<figure class=\"sdc-article-image__figure\">\n<div class=\"sdc-article-image__wrapper\" data-aspect-ratio=\"16\/9\">\n          <img decoding=\"async\" class=\"sdc-article-image__item\" loading=\"lazy\" intrinsicsize=\"768x432\" src=\"https:\/\/e3.365dm.com\/24\/12\/768x432\/skynews-syria-damascus_6770896.jpg?20241208184516\" srcset=\"https:\/\/e3.365dm.com\/24\/12\/384x216\/skynews-syria-damascus_6770896.jpg?20241208184516 380w, https:\/\/e3.365dm.com\/24\/12\/768x432\/skynews-syria-damascus_6770896.jpg?20241208184516 760w, https:\/\/e3.365dm.com\/24\/12\/1600x900\/skynews-syria-damascus_6770896.jpg?20241208184516 1024w, https:\/\/e3.365dm.com\/24\/12\/2048x1152\/skynews-syria-damascus_6770896.jpg?20241208184516 2048w\" sizes=\"(min-width: 1024px) 1024px, 100vw\" alt=\"Sirijos opozicijos kovotojas s\u0117di biure Prezidento r\u016bmuose po Sirijos vyriausyb\u0117s \u017elugimo Damaske, Sirijoje, sekmadien\u012f, 2024 m. gruod\u017eio 8 d. (AP Photo \/ Omaras Sanadikis)\"\/>\n    <\/div><figcaption class=\"ui-media-caption\">\n        <span class=\"u-hide-visually\">Vaizdas:<\/span><br \/>\n        <span class=\"ui-media-caption__caption-text\">Sirijos opozicijos kovotojas s\u0117di prezident\u016bros kabinete. Nuotrauka: AP<br \/>\n        <\/span><br \/>\n      <\/figcaption><\/figure>\n<\/div>\n<p>\u017dmon\u0117s taip pat pateko \u012f \u0161alia Damasko r\u016bm\u0173 esant\u012f pastat\u0105, kuriame stov\u0117jo prabang\u016bs automobiliai, kaip manoma, priklausantys buvusiam prezidentui.<\/p>\n<p>Internete bendrintuose vaizdo \u012fra\u0161uose buvo matyti, kaip \u017emon\u0117s va\u017eiuoja gara\u017ee, pro raudon\u0173 sportini\u0173 automobili\u0173 eiles ir did\u017eiulius 4&#215;4 automobilius.<\/p>\n<div class=\"sdc-article-widget sdc-site-video callfn\" data-account-id=\"6058004172001\" data-amp-iframe-embed=\"\" data-asset-id=\"4dba1441-74ba-4b99-8b25-766aa5730932\" data-asset-path=\"\" data-asset-version=\"\" data-autoplay=\"false\" data-auth-config=\"\" data-caption=\"People enter Syrian presidential palace\" data-clip-type=\"\" data-component-name=\"sdc-site-video\" data-competition=\"\" data-copy-url-text=\"URL copied to clipboard\" data-fn=\"sdc-site-video\" data-id=\"id_4dba1441-74ba-4b99-8b25-766aa5730932\" data-is-live-stream=\"false\" data-lite=\"true\" data-options=\"\" data-originator-id=\"51\" data-originator-handle=\"brightcove-news-gb\" data-package-name=\"\" data-provider=\"brightcove\" data-player-id=\"RC9PQUaJ6\" data-playsinline=\"\" data-sensitive=\"false\" data-sdc-id=\"6770673\" data-sdc-video-id=\"4dba1441-74ba-4b99-8b25-766aa5730932\" data-sport-category=\"\" data-state=\"loading\" data-token-state=\"none\" data-video-ad-unit=\"\" data-video-blacklisted-originator-ids=\"\" data-video-id=\"ref:4dba1441-74ba-4b99-8b25-766aa5730932\" data-video-type=\"\" data-auto-pause-on-not-visible=\"true\" tabindex=\"-1\" data-closed-captions-position=\"middle-third\" data-show-closed-captions=\"true\" data-show-pip=\"true\" data-show-live-stream-scrubber=\"true\">\n<div class=\"sdc-site-video__inner\">\n<div class=\"sdc-site-video__content\" data-role=\"bridge-controller\" style=\"padding-bottom: calc(100% \/ ());\">\n<p class=\"sdc-site-video__accessibility-message\" data-role=\"accessibility-message\">Jei norite lengviau pasiekti vaizdo \u012fra\u0161\u0173 grotuv\u0105, naudokite nar\u0161ykl\u0119 \u201eChrome\u201c.<\/p>\n<p>              <span aria-hidden=\"true\" data-role=\"poster\" class=\"sdc-site-video__poster\"><br \/>\n                <img decoding=\"async\" loading=\"lazy\" src=\"https:\/\/e3.365dm.com\/24\/12\/768x432\/skynews-syria-rebels-assad_6770675.jpg?20241208163036\" alt=\"Sirijos vyriausyb\u0117 i\u0161 karto nepateik\u0117 oficialaus parei\u0161kimo, o Assado buvimo vieta lieka ne\u017einoma.\" srcset=\"\" aria-hidden=\"true\" class=\"sdc-site-video__poster-img\"\/><br \/>\n              <span class=\"sdc-site-video__loader\"\/><br \/>\n                <span class=\"sdc-site-video__time\">0:53<\/span><br \/>\n              <\/span><\/p>\n<p>              <video id=\"id_4dba1441-74ba-4b99-8b25-766aa5730932\" data-embed=\"default\" data-application-id=\"\" class=\"video-js sdc-site-video__tag\" controls=\"\" playsinline=\"\"\/>\n            <\/div><figcaption class=\"sdc-site-video__caption ui-media-caption\">\n<p>              <span class=\"ui-media-caption__caption-text\" data-role=\"caption-text\">\u017dmon\u0117s \u012f\u017eengia \u012f Sirijos prezidento r\u016bmus<\/span><br \/>\n            <\/figcaption><\/div>\n<\/p><\/div>\n<p>T\u016bkstan\u010diai sir\u0173 automobiliais ir p\u0117s\u010diomis taip pat susirinko pagrindin\u0117je Damasko aik\u0161t\u0117je skanduodami u\u017e laisv\u0119.<\/p>\n<p>Pagrindiniame Homso mieste, kur\u012f sukil\u0117li\u0173 kovotojai u\u017e\u0117m\u0117 vos po dienos kov\u0173, t\u016bkstan\u010diai \u017emoni\u0173 u\u017epild\u0117 gatves po kariuomen\u0117s pasitraukimo, \u0161oko ir skandavo \u201eAssado neb\u0117ra, Homsas laisvas\u201c ir \u201eTegyvuoja. <strong>Sirija<\/strong> ir nusileisti su Basharu al Assadu\u201c.<\/p>\n<div class=\"sdc-article-widget sdc-site-video callfn\" data-account-id=\"6058004172001\" data-amp-iframe-embed=\"\" data-asset-id=\"48690823-1e72-4300-b7e7-d747e46f6065\" data-asset-path=\"\" data-asset-version=\"\" data-autoplay=\"false\" data-auth-config=\"\" data-caption=\"People ride Assad statue through streets\" data-clip-type=\"\" data-component-name=\"sdc-site-video\" data-competition=\"\" data-copy-url-text=\"URL copied to clipboard\" data-fn=\"sdc-site-video\" data-id=\"id_48690823-1e72-4300-b7e7-d747e46f6065\" data-is-live-stream=\"false\" data-lite=\"true\" data-options=\"\" data-originator-id=\"51\" data-originator-handle=\"brightcove-news-gb\" data-package-name=\"\" data-provider=\"brightcove\" data-player-id=\"RC9PQUaJ6\" data-playsinline=\"\" data-sensitive=\"false\" data-sdc-id=\"6770267\" data-sdc-video-id=\"48690823-1e72-4300-b7e7-d747e46f6065\" data-sport-category=\"\" data-state=\"loading\" data-token-state=\"none\" data-video-ad-unit=\"\" data-video-blacklisted-originator-ids=\"\" data-video-id=\"ref:48690823-1e72-4300-b7e7-d747e46f6065\" data-video-type=\"\" data-auto-pause-on-not-visible=\"true\" tabindex=\"-1\" data-closed-captions-position=\"middle-third\" data-show-closed-captions=\"true\" data-show-pip=\"true\" data-show-live-stream-scrubber=\"true\">\n<div class=\"sdc-site-video__inner\">\n<div class=\"sdc-site-video__content\" data-role=\"bridge-controller\" style=\"padding-bottom: calc(100% \/ ());\">\n<p class=\"sdc-site-video__accessibility-message\" data-role=\"accessibility-message\">Jei norite lengviau pasiekti vaizdo \u012fra\u0161\u0173 grotuv\u0105, naudokite nar\u0161ykl\u0119 \u201eChrome\u201c.<\/p>\n<p>              <span aria-hidden=\"true\" data-role=\"poster\" class=\"sdc-site-video__poster\"><br \/>\n                <img decoding=\"async\" loading=\"lazy\" src=\"https:\/\/e3.365dm.com\/24\/12\/768x432\/skynews-syria-statues-hafez-al-assad_6770272.jpg?20241208125903\" alt=\"Sukil\u0117li\u0173 paj\u0117goms paskelbus Basharo al Assado re\u017eimo pabaig\u0105, minios nuvert\u0117 daugyb\u0119 buvusio prezidento Hafezo al Assado statul\u0173 visoje Sirijoje.\" srcset=\"\" aria-hidden=\"true\" class=\"sdc-site-video__poster-img\"\/><br \/>\n              <span class=\"sdc-site-video__loader\"\/><br \/>\n                <span class=\"sdc-site-video__time\">1:09<\/span><br \/>\n              <\/span><\/p>\n<p>              <video id=\"id_48690823-1e72-4300-b7e7-d747e46f6065\" data-embed=\"default\" data-application-id=\"\" class=\"video-js sdc-site-video__tag\" controls=\"\" playsinline=\"\"\/>\n            <\/div><figcaption class=\"sdc-site-video__caption ui-media-caption\">\n<p>              <span class=\"ui-media-caption__caption-text\" data-role=\"caption-text\">\u017dmon\u0117s va\u017eiuoja ant Assado statulos gatv\u0117mis<\/span><br \/>\n            <\/figcaption><\/div>\n<\/p><\/div>\n<p>\u0160alies tarptautinis oro uostas Damaske buvo apleistas, o sukil\u0117liai parei\u0161k\u0117 patek\u0119 \u012f li\u016bdnai pagars\u0117jus\u012f Saidnajos karin\u012f kal\u0117jim\u0105 \u012f \u0161iaur\u0119 nuo sostin\u0117s, kur \u017emogaus teisi\u0173 grup\u0117s teigia, kad B.al Assado re\u017eimas kankino ir nu\u017eud\u0117 t\u016bkstan\u010dius sir\u0173.<\/p>\n<p>Internete i\u0161platintame vaizdo \u012fra\u0161e neva matyti, kaip mai\u0161tininkai i\u0161lau\u017eia kameras ir i\u0161laisvina de\u0161imtis kalini\u0173, kurios atrod\u0117 sukr\u0117stos ir sutrikusios. Tarp j\u0173 buvo galima pamatyti bent vien\u0105 ma\u017e\u0105 vaik\u0105.<\/p>\n<p>\u0160ventin\u0117s scenos \u012fsipliesk\u0117 ir kitose pasaulio \u0161alyse, o sirams pamin\u0117ti istorin\u0117s progos susirenka tokie miestai kaip Madridas, Man\u010desteris ir Tripolis \u0161iaur\u0117s Libane.<\/p>\n<p>Assado re\u017eimo \u017elugimas yra l\u016b\u017eis Sirijoje po 13 met\u0173 trukusio pilietinio konflikto. Ji susid\u016br\u0117 su m\u016b\u0161iu trijuose frontuose &#8211; <strong>Hayat Tahrir al Sham (HTS)<\/strong> i\u0161 \u0161iaur\u0117s \u2013 Piet\u0173 frontas, o rytuose \u2013 kurd\u0173 grup\u0117.<\/p>\n<p>HTS yra sunit\u0173 islamist\u0173 kovotoj\u0173 frakcija, ka\u017ekada \u017einoma kaip Nusra frontas, tur\u0117jusi ry\u0161i\u0173 su Al Qaeda.<\/p>\n<p>JAV jau seniai j\u0105 priskyr\u0117 teroristine grupe. 2016 m. ji nutrauk\u0117 ry\u0161ius su \u201eal Qaeda\u201c, stengdamasi atrodyti nuosaiki.<\/p>\n<div class=\"sdc-article-widget sdc-article-image\">\n<figure class=\"sdc-article-image__figure\">\n<div class=\"sdc-article-image__wrapper\" data-aspect-ratio=\"16\/9\">\n          <img decoding=\"async\" class=\"sdc-article-image__item\" loading=\"lazy\" intrinsicsize=\"768x432\" src=\"https:\/\/e3.365dm.com\/24\/12\/768x432\/skynews-syrian-president-bashar-al-assad_6769977.jpg?20241208064358\" srcset=\"https:\/\/e3.365dm.com\/24\/12\/384x216\/skynews-syrian-president-bashar-al-assad_6769977.jpg?20241208064358 380w, https:\/\/e3.365dm.com\/24\/12\/768x432\/skynews-syrian-president-bashar-al-assad_6769977.jpg?20241208064358 760w, https:\/\/e3.365dm.com\/24\/12\/1600x900\/skynews-syrian-president-bashar-al-assad_6769977.jpg?20241208064358 1024w, https:\/\/e3.365dm.com\/24\/12\/2048x1152\/skynews-syrian-president-bashar-al-assad_6769977.jpg?20241208064358 2048w\" sizes=\"(min-width: 1024px) 1024px, 100vw\" alt=\"FAKTAS \u2013 Sirijos prezidentas Basharas Assadas \u017ei\u016bri \u012f savo \u0161alies v\u0117liav\u0105 16-osios eilin\u0117s Arab\u0173 vir\u0161\u016bni\u0173 susitikimo sesijos atidaryme Tunise, 2004 m. gegu\u017e\u0117s 22 d. (AP nuotrauka \/ Amr Nabil, failas)\"\/>\n    <\/div><figcaption class=\"ui-media-caption\">\n        <span class=\"u-hide-visually\">Vaizdas:<\/span><br \/>\n        <span class=\"ui-media-caption__caption-text\">Failo nuotrauka: AP<br \/>\n        <\/span><br \/>\n      <\/figcaption><\/figure>\n<\/div>\n<div class=\"sdc-article-widget sdc-article-image\">\n<figure class=\"sdc-article-image__figure\">\n<div class=\"sdc-article-image__wrapper\" data-aspect-ratio=\"16\/9\">\n          <img decoding=\"async\" class=\"sdc-article-image__item\" loading=\"lazy\" intrinsicsize=\"768x432\" src=\"https:\/\/e3.365dm.com\/24\/12\/768x432\/skynews-assad-damascus_6770913.jpg?20241208185903\" srcset=\"https:\/\/e3.365dm.com\/24\/12\/384x216\/skynews-assad-damascus_6770913.jpg?20241208185903 380w, https:\/\/e3.365dm.com\/24\/12\/768x432\/skynews-assad-damascus_6770913.jpg?20241208185903 760w, https:\/\/e3.365dm.com\/24\/12\/1600x900\/skynews-assad-damascus_6770913.jpg?20241208185903 1024w, https:\/\/e3.365dm.com\/24\/12\/2048x1152\/skynews-assad-damascus_6770913.jpg?20241208185903 2048w\" sizes=\"(min-width: 1024px) 1024px, 100vw\" alt=\"Sekmadien\u012f, 2024 m. gruod\u017eio 8 d., vyras eina pro sulau\u017eyt\u0105 velionio Sirijos prezidento Hafezo Assado portret\u0105, kai \u017emon\u0117s ie\u0161ko daikt\u0173 apipl\u0117\u0161toje priva\u010dioje Sirijos prezidento Basharo Assado rezidencijoje Damaske, Sirijoje. (AP Photo \/ Hussein Malla)\"\/>\n    <\/div><figcaption class=\"ui-media-caption\">\n        <span class=\"u-hide-visually\">Vaizdas:<\/span><br \/>\n        <span class=\"ui-media-caption__caption-text\">Vyras eina pro sulau\u017eyt\u0105 velionio Sirijos prezidento Hafezo Assado portret\u0105 apipl\u0117\u0161toje rezidencijoje. Nuotrauka: AP<br \/>\n        <\/span><br \/>\n      <\/figcaption><\/figure>\n<\/div>\n<div class=\"sdc-article-widget sdc-article-image\">\n<figure class=\"sdc-article-image__figure\">\n<div class=\"sdc-article-image__wrapper\" data-aspect-ratio=\"16\/9\">\n          <img decoding=\"async\" class=\"sdc-article-image__item\" loading=\"lazy\" intrinsicsize=\"768x432\" src=\"https:\/\/e3.365dm.com\/24\/12\/768x432\/skynews-syria-map-rebels_6770330.jpg?20241208134113\" srcset=\"https:\/\/e3.365dm.com\/24\/12\/384x216\/skynews-syria-map-rebels_6770330.jpg?20241208134113 380w, https:\/\/e3.365dm.com\/24\/12\/768x432\/skynews-syria-map-rebels_6770330.jpg?20241208134113 760w, https:\/\/e3.365dm.com\/24\/12\/1600x900\/skynews-syria-map-rebels_6770330.jpg?20241208134113 1024w, https:\/\/e3.365dm.com\/24\/12\/2048x1152\/skynews-syria-map-rebels_6770330.jpg?20241208134113 2048w\" sizes=\"(min-width: 1024px) 1024px, 100vw\" alt=\" \"\/>\n    <\/div>\n<\/figure>\n<\/div>\n<p>Sirijos sukil\u0117liai, sudaryti i\u0161 \u012fvairi\u0173 opozicini\u0173 grupi\u0173, teig\u0117, kad jie stengiasi perduoti vald\u017ei\u0105 naujam valdymo organui, turin\u010diam visas vykdom\u0105sias galias.<\/p>\n<p>\u201eDid\u017eioji Sirijos revoliucija per\u0117jo i\u0161 kovos nuversti B.al Assado re\u017eim\u0105 stadijos \u012f kov\u0105, kad kartu sukurtume Sirij\u0105, kuri dera jos \u017emoni\u0173 aukoms\u201c, \u2013 sakoma koalicijos prane\u0161ime, kuriame \u012fvykiai apib\u016bdinami kaip \u201edid\u017eios\u201c naujov\u0117s gimimas. Sirija&#8221;.<\/p>\n<p><strong>Skaityti daugiau:<br \/>Kaip susiklost\u0117 sukil\u0117li\u0173 puolimas<br \/>Kas yra Sirijos sukil\u0117liai ir kokie j\u0173 planai?<\/strong><\/p>\n<p>Sukil\u0117liams vadovav\u0119s HTS lyderis Abu Mohammedas al Jolani parei\u0161kime, perskaitytame per Sirijos valstybin\u0119 televizij\u0105, parei\u0161k\u0117, kad \u201eateitis yra m\u016bs\u0173\u201c.<\/p>\n<p>Jis sak\u0117, kad \u201en\u0117ra vietos atsigr\u0119\u017eti\u201c, o jo grup\u0117 buvo \u201epasiry\u017eusi\u201c t\u0119sti 2011 metais prad\u0117t\u0105 \u200b\u200bkeli\u0105.<\/p>\n<div class=\"sdc-article-widget sdc-article-image\">\n<figure class=\"sdc-article-image__figure\">\n<div class=\"sdc-article-image__wrapper\" data-aspect-ratio=\"3\/4\">\n        <img decoding=\"async\" class=\"sdc-article-image__item\" loading=\"lazy\" intrinsicsize=\"563x750\" src=\"https:\/\/e3.365dm.com\/24\/12\/563x750\/skynews-syria-damascus_6770538.jpg?20241208153611\" srcset=\"https:\/\/e3.365dm.com\/24\/12\/252x337\/skynews-syria-damascus_6770538.jpg?20241208153611 380w, https:\/\/e3.365dm.com\/24\/12\/563x750\/skynews-syria-damascus_6770538.jpg?20241208153611 760w, https:\/\/e3.365dm.com\/24\/12\/900x1200\/skynews-syria-damascus_6770538.jpg?20241208153611 1024w\" sizes=\"(min-width: 1024px) 1024px, 100vw\" alt=\"Abu Mohammadas al Jolani kalba Did\u017eiosios Omejad\u0173 me\u010det\u0117je Damaske\"\/>\n    <\/div><figcaption class=\"ui-media-caption\">\n        <span class=\"u-hide-visually\">Vaizdas:<\/span><br \/>\n        <span class=\"ui-media-caption__caption-text\">Abu Mohammadas al Jolani kalba Did\u017eiosios Omejad\u0173 me\u010det\u0117je Damaske<br \/>\n        <\/span><br \/>\n      <\/figcaption><\/figure>\n<\/div>\n<p>Kreipdamasis \u012f mini\u0105 Damaske, besidriekian\u010dioje Umayyad me\u010det\u0117je, jis v\u0117liau apib\u016bdino Assado \u017elugim\u0105 kaip \u201epergal\u0119 islamo tautai\u201c.<\/p>\n<p>\u201ePo \u0161ios did\u017eiul\u0117s pergal\u0117s, mano broliai, visame regione ra\u0161oma nauja istorija\u201c, \u2013 prid\u016br\u0117 jis.<\/p>\n<p><strong>Pasaulio lyderiai reaguoja \u012f prezidento Assado \u017elugim\u0105<\/strong><\/p>\n<p>Rusija, kuri kartu su Iranu pad\u0117jo palaikyti B.al Assado re\u017eim\u0105, papra\u0161\u0117 su\u0161aukti skub\u0173 JT Saugumo Tarybos pos\u0117d\u012f situacijai Sirijoje aptarti, \u201eTelegram\u201c paskelb\u0117 Kremliaus pareig\u016bnas.<\/p>\n<p>Kitur JAV prezidentas Joe Bidenas Assado \u017elugim\u0105 pavadino \u201epagrindiniu teisingumo aktu\u201c, bet kartu ir \u201erizikos momentu\u201c, o seras Keiras Starmeris paragino visas \u0161alis ginti civilius ir u\u017etikrinti, kad pagalba pasiekt\u0173 pa\u017eeid\u017eiamuosius.<\/p>\n<p>\u201ePastar\u0173j\u0173 valand\u0173 ir dien\u0173 \u012fvykiai Sirijoje yra precedento neturintys, tod\u0117l kalbam\u0117s su savo partneriais regione ir atid\u017eiai stebime situacij\u0105\u201c, \u2013 sak\u0117 Did\u017eiosios Britanijos premjeras.<\/p>\n<p>&#8222;Sirijos \u017emon\u0117s per ilgai kent\u0117jo nuo barbari\u0161ko B.al Assado re\u017eimo, ir mes sveikiname jo pasitraukim\u0105. Dabar mes sutelkiame d\u0117mes\u012f \u012f tai, kad vyraut\u0173 politinis sprendimas ir b\u016bt\u0173 atkurta taika bei stabilumas&#8221;.<\/p>\n<p>Seras Keiras tur\u0117jo prad\u0117ti derybas su Jungtini\u0173 Arab\u0173 Emyrat\u0173 ir Saudo Arabijos lyderiais.<\/p>\n<div class=\"sdc-article-widget sdc-site-video callfn\" data-account-id=\"6058004172001\" data-amp-iframe-embed=\"\" data-asset-id=\"03c726a2-3d5c-4f5e-8ffc-1f5d240beacf\" data-asset-path=\"\" data-asset-version=\"\" data-autoplay=\"false\" data-auth-config=\"\" data-caption=\"Syrian refugees 'can't wait to go back home'\" data-clip-type=\"\" data-component-name=\"sdc-site-video\" data-competition=\"\" data-copy-url-text=\"URL copied to clipboard\" data-fn=\"sdc-site-video\" data-id=\"id_03c726a2-3d5c-4f5e-8ffc-1f5d240beacf\" data-is-live-stream=\"false\" data-lite=\"true\" data-options=\"\" data-originator-id=\"51\" data-originator-handle=\"brightcove-news-gb\" data-package-name=\"\" data-provider=\"brightcove\" data-player-id=\"RC9PQUaJ6\" data-playsinline=\"\" data-sensitive=\"false\" data-sdc-id=\"6770465\" data-sdc-video-id=\"03c726a2-3d5c-4f5e-8ffc-1f5d240beacf\" data-sport-category=\"\" data-state=\"loading\" data-token-state=\"none\" data-video-ad-unit=\"\" data-video-blacklisted-originator-ids=\"\" data-video-id=\"ref:03c726a2-3d5c-4f5e-8ffc-1f5d240beacf\" data-video-type=\"\" data-auto-pause-on-not-visible=\"true\" tabindex=\"-1\" data-closed-captions-position=\"middle-third\" data-show-closed-captions=\"true\" data-show-pip=\"true\" data-show-live-stream-scrubber=\"true\">\n<div class=\"sdc-site-video__inner\">\n<div class=\"sdc-site-video__content\" data-role=\"bridge-controller\" style=\"padding-bottom: calc(100% \/ ());\">\n<p class=\"sdc-site-video__accessibility-message\" data-role=\"accessibility-message\">Jei norite lengviau pasiekti vaizdo \u012fra\u0161\u0173 grotuv\u0105, naudokite nar\u0161ykl\u0119 \u201eChrome\u201c.<\/p>\n<p>              <span aria-hidden=\"true\" data-role=\"poster\" class=\"sdc-site-video__poster\"><br \/>\n                <img decoding=\"async\" loading=\"lazy\" src=\"https:\/\/e3.365dm.com\/24\/12\/768x432\/skynews-syrian-refugee_6770468.jpg?20241208145825\" alt=\"Sirijos pab\u0117g\u0117liai Man\u010desteryje sako, kad nekantrauja sulaukti skryd\u017ei\u0173 namo\" srcset=\"\" aria-hidden=\"true\" class=\"sdc-site-video__poster-img\"\/><br \/>\n              <span class=\"sdc-site-video__loader\"\/><br \/>\n                <span class=\"sdc-site-video__time\">1:48<\/span><br \/>\n              <\/span><\/p>\n<p>              <video id=\"id_03c726a2-3d5c-4f5e-8ffc-1f5d240beacf\" data-embed=\"default\" data-application-id=\"\" class=\"video-js sdc-site-video__tag\" controls=\"\" playsinline=\"\"\/>\n            <\/div><figcaption class=\"sdc-site-video__caption ui-media-caption\">\n<p>              <span class=\"ui-media-caption__caption-text\" data-role=\"caption-text\">Sirijos pab\u0117g\u0117liai \u201enekantrauja gr\u012f\u017eti namo\u201c<\/span><br \/>\n            <\/figcaption><\/div>\n<\/p><\/div>\n<p>i\u0161rinktasis JAV prezidentas <strong>Donaldas Trumpas<\/strong> \u201eTruth Social\u201c \u012fra\u0161e parei\u0161k\u0117, kad valstyb\u0117s netur\u0117t\u0173 \u012fsitraukti \u012f konflikt\u0105, nes Sirija \u201en\u0117ra m\u016bs\u0173 draug\u0117\u201c.<\/p>\n<p>Sekmadienio ryt\u0105 \u2013 prie\u0161 patvirtinant, kad Assadui buvo suteiktas prieglobstis Maskvoje \u2013 jis prid\u016br\u0117: \u201eAssado neb\u0117ra. Jis pab\u0117go i\u0161 savo \u0161alies. Jo gyn\u0117ja Rusija, Rusija, Rusija, vadovaujama (Rusijos prezidento) Vladimiras Putinas nebuvo suinteresuotas jo daugiau apsaugoti.<\/p>\n<p>\u201e\u0160iuo metu Rusija ir Iranas yra susilpn\u0117jusioje b\u016bsenoje \u2013 viena d\u0117l Ukrainos ir blogos ekonomikos, kita \u2013 d\u0117l Izraelio ir jo s\u0117kmingos kovos.<\/p>\n<div class=\"sdc-article-widget sdc-article-image\">\n<figure class=\"sdc-article-image__figure\">\n<div class=\"sdc-article-image__wrapper\" data-aspect-ratio=\"16\/9\">\n          <img decoding=\"async\" class=\"sdc-article-image__item\" loading=\"lazy\" intrinsicsize=\"768x432\" src=\"https:\/\/e3.365dm.com\/24\/12\/768x432\/skynews-madrid-assad_6770936.jpg?20241208192104\" srcset=\"https:\/\/e3.365dm.com\/24\/12\/384x216\/skynews-madrid-assad_6770936.jpg?20241208192104 380w, https:\/\/e3.365dm.com\/24\/12\/768x432\/skynews-madrid-assad_6770936.jpg?20241208192104 760w, https:\/\/e3.365dm.com\/24\/12\/1600x900\/skynews-madrid-assad_6770936.jpg?20241208192104 1024w, https:\/\/e3.365dm.com\/24\/12\/2048x1152\/skynews-madrid-assad_6770936.jpg?20241208192104 2048w\" sizes=\"(min-width: 1024px) 1024px, 100vw\" alt=\"2024 m. gruod\u017eio 8 d. prie Sirijos ambasados \u200b\u200bMadride, Ispanijoje, per protest\u0105, skirt\u0105 Basharo Al-Assado re\u017eimo \u017elugimui, \u017emon\u0117s lipa ant Sirijos vyriausyb\u0117s v\u0117liavos. REUTERS \/ Ana Beltran\"\/>\n    <\/div><figcaption class=\"ui-media-caption\">\n        <span class=\"u-hide-visually\">Vaizdas:<\/span><br \/>\n        <span class=\"ui-media-caption__caption-text\">\u017dmon\u0117s \u017eengia ant Sirijos vyriausyb\u0117s v\u0117liavos prie Sirijos ambasados \u200b\u200bMadride. Nuotrauka: Reuters<br \/>\n        <\/span><br \/>\n      <\/figcaption><\/figure>\n<\/div>\n<p><strong>Remiantis prane\u0161imais, Izraelio oro antskryd\u017eiai smog\u0117 Damaskui<\/strong><\/p>\n<p>Izraelis sureng\u0117 tris antskryd\u017eius prie\u0161 didel\u012f saugumo kompleks\u0105 Damaske, naujien\u0173 agent\u016brai \u201eReuters\u201c prane\u0161\u0117 du regiono saugumo \u0161altiniai.<\/p>\n<p>Pasak j\u0173, IDF taik\u0117si ir \u012f tyrim\u0173 centr\u0105 Sirijos sostin\u0117je. Izraelio teigimu, \u0161\u012f centr\u0105 naudojo Irano mokslininkai raketoms kurti.<\/p>\n<p>Izraelio ministras pirmininkas Benjaminas Netanyahu Assado nuvertim\u0105 pavadino \u201eistorine diena\u201c.<\/p>\n<p>Apsilank\u0119s zonoje netoli sienos su Sirija, jis sak\u0117 \u012fsak\u0119s Izraelio paj\u0117goms u\u017eimti buferin\u0119 zon\u0105 Golano auk\u0161tumose ir prid\u016br\u0117: \u201eNeleisime jokioms prie\u0161i\u0161koms j\u0117goms \u012fsitvirtinti prie m\u016bs\u0173 sienos\u201c.<\/p>\n<p><strong>Skaityti daugiau:<br \/>\u0160io nestabilaus regiono galios dinamika visi\u0161kai pasikeis<br \/>Kaip aki\u0173 gydytojas tapo \u017eiauriu diktatoriumi<\/strong><\/p>\n<p>Netanyahu sak\u0117, kad tai b\u016btina siekiant \u201eu\u017etikrinti vis\u0173 Izraelio bendruomeni\u0173 apsaug\u0105 Golano auk\u0161tumose\u201c, kai Sirijos kariai paliko ten savo pozicijas.<\/p>\n<p>Golano srit\u012f Izraelis u\u017e\u0117m\u0117 per 1967 m. Artim\u0173j\u0173 Ryt\u0173 kar\u0105, o v\u0117liau aneksavo. Tarptautin\u0117 bendruomen\u0117, i\u0161skyrus JAV, j\u0105 laiko okupuota teritorija.<\/p>\n<\/p><\/div>\n<p><br \/>\n<br \/><a href=\"https:\/\/news.sky.com\/story\/syrias-president-bashar-al-assad-is-in-moscow-and-has-been-granted-asylum-confirms-russian-state-media-13269955\">Source link <\/a><\/p>\n","protected":false},"excerpt":{"rendered":"<p>Nuverstas Sirijos prezidentas Basharas al Assadas atvyko \u012f Maskv\u0105, patvirtino Rusijos valstybin\u0117 \u017einiasklaida. Ponas Assadas ir jo \u0161eimos nariai \u012f miest\u0105 atvyko sekmadien\u012f, naujien\u0173 agent\u016brai TASS sak\u0117 \u0161altinis Kremliuje. \u0160altinis prid\u016br\u0117: \u201eRusija d\u0117l humanitarini\u0173 prie\u017eas\u010di\u0173 suteik\u0117 jiems prieglobst\u012f\u201c. Skaityti daugiau: Naujausi naujiniai i\u0161 Sirijos Assado buvimo vieta buvo patvirtinta, nes Rusijos naujien\u0173 agent\u016bros prane\u0161\u0117, kad [&hellip;]<\/p>\n","protected":false},"author":1,"featured_media":1207,"comment_status":"","ping_status":"","sticky":false,"template":"","format":"standard","meta":{"om_disable_all_campaigns":false,"_monsterinsights_skip_tracking":false,"_monsterinsights_sitenote_active":false,"_monsterinsights_sitenote_note":"","_monsterinsights_sitenote_category":0,"footnotes":""},"categories":[3],"tags":[2720,2725,2724,2723,31,2718,2726,30,1541,2722,193,2719,2721,2026],"class_list":["post-1206","post","type-post","status-publish","format-standard","has-post-thumbnail","hentry","category-pasaulio-zinios","tag-assadas","tag-barbarisko","tag-lyderiai","tag-maskvoje","tag-naujienos","tag-nusalintas","tag-pabaiga","tag-pasaulio","tag-prezidentas","tag-prieglobsti","tag-rezimo","tag-sirijos","tag-suteike","tag-sveikina"],"aioseo_notices":[],"_links":{"self":[{"href":"https:\/\/www.ziniulaisve.lt\/index.php\/wp-json\/wp\/v2\/posts\/1206","targetHints":{"allow":["GET"]}}],"collection":[{"href":"https:\/\/www.ziniulaisve.lt\/index.php\/wp-json\/wp\/v2\/posts"}],"about":[{"href":"https:\/\/www.ziniulaisve.lt\/index.php\/wp-json\/wp\/v2\/types\/post"}],"author":[{"embeddable":true,"href":"https:\/\/www.ziniulaisve.lt\/index.php\/wp-json\/wp\/v2\/users\/1"}],"replies":[{"embeddable":true,"href":"https:\/\/www.ziniulaisve.lt\/index.php\/wp-json\/wp\/v2\/comments?post=1206"}],"version-history":[{"count":0,"href":"https:\/\/www.ziniulaisve.lt\/index.php\/wp-json\/wp\/v2\/posts\/1206\/revisions"}],"wp:featuredmedia":[{"embeddable":true,"href":"https:\/\/www.ziniulaisve.lt\/index.php\/wp-json\/wp\/v2\/media\/1207"}],"wp:attachment":[{"href":"https:\/\/www.ziniulaisve.lt\/index.php\/wp-json\/wp\/v2\/media?parent=1206"}],"wp:term":[{"taxonomy":"category","embeddable":true,"href":"https:\/\/www.ziniulaisve.lt\/index.php\/wp-json\/wp\/v2\/categories?post=1206"},{"taxonomy":"post_tag","embeddable":true,"href":"https:\/\/www.ziniulaisve.lt\/index.php\/wp-json\/wp\/v2\/tags?post=1206"}],"curies":[{"name":"wp","href":"https:\/\/api.w.org\/{rel}","templated":true}]}}