{"id":1174,"date":"2024-12-05T21:16:50","date_gmt":"2024-12-05T21:16:50","guid":{"rendered":"https:\/\/www.ziniulaisve.lt\/index.php\/2024\/12\/05\/emmanuelis-macronas-zada-likti-savo-poste-po-ministro-pirmininko-atsistatydinimo-pasaulio-naujienos\/"},"modified":"2024-12-05T21:16:50","modified_gmt":"2024-12-05T21:16:50","slug":"emmanuelis-macronas-zada-likti-savo-poste-po-ministro-pirmininko-atsistatydinimo-pasaulio-naujienos","status":"publish","type":"post","link":"https:\/\/www.ziniulaisve.lt\/index.php\/2024\/12\/05\/emmanuelis-macronas-zada-likti-savo-poste-po-ministro-pirmininko-atsistatydinimo-pasaulio-naujienos\/","title":{"rendered":"Emmanuelis Macronas \u017eada likti savo poste po ministro pirmininko atsistatydinimo | Pasaulio naujienos"},"content":{"rendered":"<p> <br \/>\n<\/p>\n<div data-component-name=\"ui-article-body\" data-highlight-intro=\"true\">\n<p>Pranc\u016bzijos prezidentas Emmanuelis Macronas pa\u017ead\u0117jo likti savo poste iki savo kadencijos pabaigos 2027 metais, atsistatydinus \u0161alies ministrui pirmininkui Micheliui Barnier.<\/p>\n<p>Tai \u012fvyko po to, kai Pranc\u016bzijos nacionalin\u0117s asambl\u0117jos politikai pri\u0117m\u0117 a <strong>nepasitik\u0117jimo vyriausybe<\/strong> tre\u010diadien\u012f.<\/p>\n<p>Ketvirtadienio vakar\u0105 kreipdamasi \u012f taut\u0105, <strong>Ponas Macronas<\/strong> taip pat pa\u017ead\u0117jo per kelias dienas paskirti nauj\u0105 ministr\u0105 pirminink\u0105, nes d\u0117l kriz\u0117s kaltino savo politinius oponentus ir tvirtino, kad jie pasirinko \u201enetvark\u0105\u201c.<\/p>\n<p>Prezidentas tvirtino, kad kra\u0161tutini\u0173 de\u0161ini\u0173j\u0173 ir kairi\u0173j\u0173 pa\u017ei\u016br\u0173 politikai susivienijo \u012f \u201eantirespublikin\u012f front\u0105\u201c ir prid\u016br\u0117: \u201eNeprisiimsiu kit\u0173 \u017emoni\u0173 neatsakingumo\u201c.<\/p>\n<p><strong>Ponas Barnier<\/strong> atsistatydino po balsavimo d\u0117l nepasitik\u0117jimo ir tapo trumpiausiai dirban\u010diu Pranc\u016bzijos ministru pirmininku \u0161iuolaikin\u0117je istorijoje.<\/p>\n<p>Tai \u012fvyko po M. Barnier, buvusio ES vadovo <strong>Brexit <\/strong>derybininkas, pasinaudojo specialiomis galiomis, kad per \u0161alies \u017eemuosius parlamento r\u016bmus be galutinio balsavimo priverstinis socialinio draudimo biud\u017eetas.<\/p>\n<div class=\"sdc-article-widget sdc-site-video callfn\" data-account-id=\"6058004172001\" data-amp-iframe-embed=\"\" data-asset-id=\"47878b9a-b36f-4ef8-8690-8b7a04f5c05b\" data-asset-path=\"\" data-asset-version=\"\" data-autoplay=\"false\" data-auth-config=\"\" data-caption=\"MPs vote to oust French PM \" data-clip-type=\"\" data-component-name=\"sdc-site-video\" data-competition=\"\" data-copy-url-text=\"URL copied to clipboard\" data-fn=\"sdc-site-video\" data-id=\"id_47878b9a-b36f-4ef8-8690-8b7a04f5c05b\" data-is-live-stream=\"false\" data-lite=\"true\" data-options=\"\" data-originator-id=\"51\" data-originator-handle=\"brightcove-news-gb\" data-package-name=\"\" data-provider=\"brightcove\" data-player-id=\"RC9PQUaJ6\" data-playsinline=\"\" data-sensitive=\"false\" data-sdc-id=\"6766742\" data-sdc-video-id=\"47878b9a-b36f-4ef8-8690-8b7a04f5c05b\" data-sport-category=\"\" data-state=\"loading\" data-token-state=\"none\" data-video-ad-unit=\"\" data-video-blacklisted-originator-ids=\"\" data-video-id=\"ref:47878b9a-b36f-4ef8-8690-8b7a04f5c05b\" data-video-type=\"\" data-auto-pause-on-not-visible=\"true\" tabindex=\"-1\" data-closed-captions-position=\"middle-third\" data-show-closed-captions=\"true\" data-show-pip=\"true\" data-show-live-stream-scrubber=\"true\">\n<div class=\"sdc-site-video__inner\">\n<div class=\"sdc-site-video__content\" data-role=\"bridge-controller\" style=\"padding-bottom: calc(100% \/ ());\">\n<p class=\"sdc-site-video__accessibility-message\" data-role=\"accessibility-message\">Jei norite lengviau pasiekti vaizdo \u012fra\u0161\u0173 grotuv\u0105, naudokite nar\u0161ykl\u0119 \u201eChrome\u201c.<\/p>\n<p>              <span aria-hidden=\"true\" data-role=\"poster\" class=\"sdc-site-video__poster\"><br \/>\n                <br \/>\n              <span class=\"sdc-site-video__loader\"\/><br \/>\n                <span class=\"sdc-site-video__time\">0:37<\/span><br \/>\n              <\/span><\/p>\n<p>              <video id=\"id_47878b9a-b36f-4ef8-8690-8b7a04f5c05b\" data-embed=\"default\" data-application-id=\"\" class=\"video-js sdc-site-video__tag\" controls=\"\" playsinline=\"\"\/>\n            <\/div><figcaption class=\"sdc-site-video__caption ui-media-caption\">\n<p>              <span class=\"ui-media-caption__caption-text\" data-role=\"caption-text\">Parlamentarai nubalsavo u\u017e Pranc\u016bzijos premjero nu\u0161alinim\u0105 <\/span><br \/>\n            <\/figcaption><\/div>\n<\/p><\/div>\n<p>D\u0117l kritikos d\u0117l jo sprendimo E. Macronas vis labiau spaud\u017eiamas pasitraukti <strong>skelbti Seimo rinkimus<\/strong> vasar\u0105, d\u0117l kurios buvo pakabintas parlamentas.<\/p>\n<p>Nepaisant raginim\u0173 atsistatydinti, jis pripa\u017eino, kad \u0161is \u017eingsnis prisid\u0117jo prie politinio chaoso.<\/p>\n<p>Jis sak\u0117: &#8222;A\u0161 pripa\u017e\u012fstu, kad \u0161is sprendimas nebuvo suprastas. Daugelis \u017emoni\u0173 mane d\u0117l jo kritikavo. \u017dinau, kad daugelis ir toliau mane d\u0117l to kritikuoja.&#8221;<\/p>\n<p>Ta\u010diau E. Macronas sak\u0117, kad \u201emano, kad b\u016btina\u201c leisti pranc\u016bz\u0173 rink\u0117jams pareik\u0161ti savo nuomon\u0119.<\/p>\n<div class=\"sdc-article-widget sdc-article-image\">\n<figure class=\"sdc-article-image__figure\">\n<div class=\"sdc-article-image__wrapper\" data-aspect-ratio=\"16\/9\">\n          <img decoding=\"async\" class=\"sdc-article-image__item\" loading=\"lazy\" intrinsicsize=\"768x432\" src=\"https:\/\/e3.365dm.com\/24\/12\/768x432\/skynews-paris-michel-barnier_6765357.jpg?20241203142917\" srcset=\"https:\/\/e3.365dm.com\/24\/12\/384x216\/skynews-paris-michel-barnier_6765357.jpg?20241203142917 380w, https:\/\/e3.365dm.com\/24\/12\/768x432\/skynews-paris-michel-barnier_6765357.jpg?20241203142917 760w, https:\/\/e3.365dm.com\/24\/12\/1600x900\/skynews-paris-michel-barnier_6765357.jpg?20241203142917 1024w, https:\/\/e3.365dm.com\/24\/12\/2048x1152\/skynews-paris-michel-barnier_6765357.jpg?20241203142917 2048w\" sizes=\"(min-width: 1024px) 1024px, 100vw\" alt=\"Pranc\u016bzijos ministras pirmininkas Michelis Barnier ir Pranc\u016bzijos vyriausyb\u0117s nariai dalyvauja vyriausyb\u0117s sesijoje Nacionalin\u0117je Asambl\u0117joje Pary\u017eiuje.  Nuotrauka: Reuters\"\/>\n    <\/div><figcaption class=\"ui-media-caption\">\n        <span class=\"u-hide-visually\">Vaizdas:<\/span><br \/>\n        <span class=\"ui-media-caption__caption-text\">Pranc\u016bzijos ministras pirmininkas Michelis Barnier anks\u010diau \u0161i\u0105 savait\u0119 Nacionalin\u0117je Asambl\u0117joje. Nuotrauka: Reuters<br \/>\n        <\/span><br \/>\n      <\/figcaption><\/figure>\n<\/div>\n<p>M. Barnier nu\u0161alinimas pirm\u0105 kart\u0105 pa\u017eym\u0117jo a <strong>pranc\u016bz\u0173<\/strong> vyriausyb\u0117 pralaim\u0117jo balsavim\u0105 d\u0117l pasitik\u0117jimo nuo 1962 m.<\/p>\n<p>Trumpame atsistatydinimo lai\u0161ke prezidentui, kur\u012f paskelb\u0117 Pranc\u016bzijos \u017einiasklaida, jis sak\u0117: \u201eKadangi asambl\u0117ja pri\u0117m\u0117 pasi\u016blym\u0105 d\u0117l nepasitik\u0117jimo, turiu garb\u0117s pateikti vyriausyb\u0117s atsistatydinimo pra\u0161ym\u0105.<\/p>\n<p>\u2013 Pra\u0161au, pone Respublikos Prezidente, priimkite mano did\u017eiausi\u0105 pagarb\u0105.<\/p>\n<p>Barnier ir jo vyriausyb\u0117 liks laikin\u0173j\u0173 pareig\u0173, kol bus paskirtas naujas ministras pirmininkas, sakoma Eliziejaus prane\u0161ime.<\/p>\n<p><strong>Skaitykite daugiau i\u0161 \u201eSky News\u201c: <\/strong><br \/><strong>\u201eVisa\u201c atitolina JK migrant\u0173 gyvybes<br \/>\u012e JK art\u0117ja ekstremal\u016bs orai<\/strong><\/p>\n<p> <strong> <\/strong>     <\/p>\n<p>Pranc\u016bzijos parlamentas buvo sulau\u017eytas <strong>vasaros rinkimai<\/strong>kai kairiojo sparno Liaudies fronto aljansas laim\u0117jo daugiausiai viet\u0173 \u2013 193, bet toli gra\u017eu ne 289, kuri\u0173 reikia daugumai.<\/p>\n<p>D\u0117l Liaudies fronto, kur\u012f sudaro septynios partijos, kovos nepavyko susitarti d\u0117l kandidato \u012f premjerus.<\/p>\n<p>E. Macrono centrist\u0173 aljansas Ensemble, kuris rinkimuose u\u017e\u0117m\u0117 antr\u0105j\u0105 viet\u0105, suk\u016br\u0117 laisv\u0105 koalicij\u0105 su de\u0161ini\u0173j\u0173 politikais, ypa\u010d respublikonais, kuri\u0173 narys buvo M. Barnier ir su kuriais kra\u0161tutini\u0173 de\u0161ini\u0173j\u0173 Nacionalinis samb\u016bris teig\u0117 gal\u012fs dirbti.<\/p>\n<p>Ta\u010diau Liaudies frontas ir Nacionalinis mitingas tre\u010diadien\u012f susivienijo, kad nugal\u0117t\u0173 M. Barnier.<\/p>\n<\/p><\/div>\n<p><br \/>\n<br \/><a href=\"https:\/\/news.sky.com\/story\/french-pm-michel-barnier-resigns-after-losing-no-confidence-vote-13267571\">Source link <\/a><\/p>\n","protected":false},"excerpt":{"rendered":"<p>Pranc\u016bzijos prezidentas Emmanuelis Macronas pa\u017ead\u0117jo likti savo poste iki savo kadencijos pabaigos 2027 metais, atsistatydinus \u0161alies ministrui pirmininkui Micheliui Barnier. Tai \u012fvyko po to, kai Pranc\u016bzijos nacionalin\u0117s asambl\u0117jos politikai pri\u0117m\u0117 a nepasitik\u0117jimo vyriausybe tre\u010diadien\u012f. Ketvirtadienio vakar\u0105 kreipdamasi \u012f taut\u0105, Ponas Macronas taip pat pa\u017ead\u0117jo per kelias dienas paskirti nauj\u0105 ministr\u0105 pirminink\u0105, nes d\u0117l kriz\u0117s kaltino [&hellip;]<\/p>\n","protected":false},"author":1,"featured_media":1175,"comment_status":"","ping_status":"","sticky":false,"template":"","format":"standard","meta":{"om_disable_all_campaigns":false,"_monsterinsights_skip_tracking":false,"_monsterinsights_sitenote_active":false,"_monsterinsights_sitenote_note":"","_monsterinsights_sitenote_category":0,"footnotes":""},"categories":[3],"tags":[1915,2647,2649,2648,346,31,30,347,2650,858,470],"class_list":["post-1174","post","type-post","status-publish","format-standard","has-post-thumbnail","hentry","category-pasaulio-zinios","tag-atsistatydinimo","tag-emmanuelis","tag-likti","tag-macronas","tag-ministro","tag-naujienos","tag-pasaulio","tag-pirmininko","tag-poste","tag-savo","tag-zada"],"aioseo_notices":[],"_links":{"self":[{"href":"https:\/\/www.ziniulaisve.lt\/index.php\/wp-json\/wp\/v2\/posts\/1174","targetHints":{"allow":["GET"]}}],"collection":[{"href":"https:\/\/www.ziniulaisve.lt\/index.php\/wp-json\/wp\/v2\/posts"}],"about":[{"href":"https:\/\/www.ziniulaisve.lt\/index.php\/wp-json\/wp\/v2\/types\/post"}],"author":[{"embeddable":true,"href":"https:\/\/www.ziniulaisve.lt\/index.php\/wp-json\/wp\/v2\/users\/1"}],"replies":[{"embeddable":true,"href":"https:\/\/www.ziniulaisve.lt\/index.php\/wp-json\/wp\/v2\/comments?post=1174"}],"version-history":[{"count":0,"href":"https:\/\/www.ziniulaisve.lt\/index.php\/wp-json\/wp\/v2\/posts\/1174\/revisions"}],"wp:featuredmedia":[{"embeddable":true,"href":"https:\/\/www.ziniulaisve.lt\/index.php\/wp-json\/wp\/v2\/media\/1175"}],"wp:attachment":[{"href":"https:\/\/www.ziniulaisve.lt\/index.php\/wp-json\/wp\/v2\/media?parent=1174"}],"wp:term":[{"taxonomy":"category","embeddable":true,"href":"https:\/\/www.ziniulaisve.lt\/index.php\/wp-json\/wp\/v2\/categories?post=1174"},{"taxonomy":"post_tag","embeddable":true,"href":"https:\/\/www.ziniulaisve.lt\/index.php\/wp-json\/wp\/v2\/tags?post=1174"}],"curies":[{"name":"wp","href":"https:\/\/api.w.org\/{rel}","templated":true}]}}